{"id":5403,"date":"2017-06-15T13:44:23","date_gmt":"2017-06-15T18:44:23","guid":{"rendered":"http:\/\/www.inter-accion.com.mx\/?p=5403"},"modified":"2017-06-15T13:44:23","modified_gmt":"2017-06-15T18:44:23","slug":"exigen-justicia-para-el-periodista-javier-valdez-en-chilpancingo","status":"publish","type":"post","link":"https:\/\/www.interaccionnoticias.com.mx\/?p=5403","title":{"rendered":"Exigen justicia para el periodista Javier Valdez en Chilpancingo"},"content":{"rendered":"<p class=\"m_9006895306970381791xmsolistparagraph\"><strong><span lang=\"ES\">Distribuyen volantes en el centro y la Autopista del Sol<span class=\"m_9006895306970381791apple-converted-space\">&nbsp;<\/span>&nbsp;&nbsp;&nbsp;&nbsp;<\/span><\/strong><\/p>\n<p class=\"m_9006895306970381791xmsonormal\"><span lang=\"ES\">A un mes del asesinato cometido en contra del periodista Javier Valdez C\u00e1rdenas, trabajadores de diferentes medios de comunicaci\u00f3n realizaron un volanteo en diferentes partes de la capital del estado para exigir justicia.<\/span><\/p>\n<p class=\"m_9006895306970381791xmsonormal\"><span lang=\"ES\">Desde las 09:00 horas, los comunicadores llegaron a la plaza central \u201cPrimer Congreso de An\u00e1huac\u201d, en donde difundieron un volante en el que se dirigen al gobierno federal, para que a trav\u00e9s de sus \u00f3rganos de investigaci\u00f3n esclarezcan el crimen cometido en contra de quien fuera editor del semanario R\u00edo Doce.<\/span><\/p>\n<p class=\"m_9006895306970381791xmsonormal\"><span lang=\"ES\">Tambi\u00e9n solicitaron que se esclarezcan atentados cometidos en Guerrero en contra de periodistas como Francisco Pacheco Beltr\u00e1n, en marzo de 2016 y Cecilio Pineda Birto, en abril de 2017.<\/span><\/p>\n<p class=\"m_9006895306970381791xmsonormal\"><span lang=\"ES\">Incluso, demandaron que haya en Guerrero garant\u00edas para el ejercicio period\u00edstico en la entidad, ya que est\u00e1 comprobado que la delincuencia organizada y las propias autoridades en sus tres niveles, se han convertido en obst\u00e1culos con los que deben lidiar todos los d\u00edas para cumplir con su deber de informar.<\/span><\/p>\n<p class=\"m_9006895306970381791xmsonormal\"><span lang=\"ES\">Despu\u00e9s de entregar los volantes en el centro, los reporteros de diferentes medios se trasladaron al punto conocido como El Parador del Marqu\u00e9s, en donde instalaron un filtro informativo para difundir su reclamo de justicia entre los automovilistas que circulaban sobre la Autopista del Sol.<\/span><\/p>\n<p class=\"m_9006895306970381791xmsonormal\"><span lang=\"ES\">No hubo un cierre total de la circulaci\u00f3n, pero s\u00ed se redujo el paso a un carril, con la intenci\u00f3n de que los usuarios de la carretera de cuota recibieran el documento.<\/span><\/p>\n<p class=\"m_9006895306970381791xmsonormal\"><span lang=\"ES\">Antes del volanteo, integrantes de la Asociaci\u00f3n de Periodistas del Estado de Guerrero (APEG) fijaron postura en torno al crimen de Javier Valdez y los comunicadores del estado, en una charla con la emisora XEUAGro, en la que retomaron la consigna de no guardar silencio ante los embates que lastiman a la libertad de expresi\u00f3n.<\/span><\/p>\n<p class=\"m_9006895306970381791xmsonormal\"><span lang=\"ES\">En la actividad tambi\u00e9n participaron los integrantes del Sindicato Nacional de Redactores de la Prensa (SNRP).<\/span><\/p>\n<p class=\"m_9006895306970381791xmsonormal\"><span lang=\"ES\">Las actividades se desarrollaron sin complicaciones.<\/span><\/p>\n","protected":false},"excerpt":{"rendered":"<p>Distribuyen volantes en el centro y la Autopista del Sol&nbsp;&nbsp;&nbsp;&nbsp;&nbsp; A un mes del asesinato cometido en contra del periodista Javier Valdez C\u00e1rdenas, trabajadores de diferentes medios de comunicaci\u00f3n realizaron&hellip; <\/p>\n","protected":false},"author":1,"featured_media":0,"comment_status":"closed","ping_status":"closed","sticky":false,"template":"","format":"standard","meta":{"fifu_image_url":"","fifu_image_alt":"","footnotes":""},"categories":[8,15],"tags":[],"class_list":["post-5403","post","type-post","status-publish","format-standard","hentry","category-featured","category-movimientos-sociales"],"_links":{"self":[{"href":"https:\/\/www.interaccionnoticias.com.mx\/index.php?rest_route=\/wp\/v2\/posts\/5403","targetHints":{"allow":["GET"]}}],"collection":[{"href":"https:\/\/www.interaccionnoticias.com.mx\/index.php?rest_route=\/wp\/v2\/posts"}],"about":[{"href":"https:\/\/www.interaccionnoticias.com.mx\/index.php?rest_route=\/wp\/v2\/types\/post"}],"author":[{"embeddable":true,"href":"https:\/\/www.interaccionnoticias.com.mx\/index.php?rest_route=\/wp\/v2\/users\/1"}],"replies":[{"embeddable":true,"href":"https:\/\/www.interaccionnoticias.com.mx\/index.php?rest_route=%2Fwp%2Fv2%2Fcomments&post=5403"}],"version-history":[{"count":0,"href":"https:\/\/www.interaccionnoticias.com.mx\/index.php?rest_route=\/wp\/v2\/posts\/5403\/revisions"}],"wp:attachment":[{"href":"https:\/\/www.interaccionnoticias.com.mx\/index.php?rest_route=%2Fwp%2Fv2%2Fmedia&parent=5403"}],"wp:term":[{"taxonomy":"category","embeddable":true,"href":"https:\/\/www.interaccionnoticias.com.mx\/index.php?rest_route=%2Fwp%2Fv2%2Fcategories&post=5403"},{"taxonomy":"post_tag","embeddable":true,"href":"https:\/\/www.interaccionnoticias.com.mx\/index.php?rest_route=%2Fwp%2Fv2%2Ftags&post=5403"}],"curies":[{"name":"wp","href":"https:\/\/api.w.org\/{rel}","templated":true}]}}