{"id":5400,"date":"2017-06-14T21:59:59","date_gmt":"2017-06-15T02:59:59","guid":{"rendered":"http:\/\/www.inter-accion.com.mx\/?p=5400"},"modified":"2017-06-14T21:59:59","modified_gmt":"2017-06-15T02:59:59","slug":"realiza-iepc-conteo-de-actas-de-proceso-consultivo-en-ayutla","status":"publish","type":"post","link":"https:\/\/www.interaccionnoticias.com.mx\/?p=5400","title":{"rendered":"Realiza IEPC conteo de actas de proceso consultivo en Ayutla"},"content":{"rendered":"<p>En privado, la Comisi\u00f3n Especial de Sistemas Normativos Internos realiz\u00f3 el c\u00f3mputo de votos del proceso consultivo de Ayutla, el cual sirvi\u00f3 para la definici\u00f3n del modelo que regir\u00e1 la elecci\u00f3n por usos y costumbres del pr\u00f3ximo a\u00f1o.<br \/>\nEl lunes, un grupo de habitantes de ese municipio se traslad\u00f3 a las oficinas del Instituto Electoral y de Participaci\u00f3n Ciudadana (IEPC) para pedir resultados oficiales, sin embargo, esa petici\u00f3n fue negada por integrantes del Consejo General.<br \/>\nSeg\u00fan el abogado de la Uni\u00f3n de Pueblos y Organizaciones del Estado de Guerrero (UPOEG) Manuel V\u00e1zquez Quintero, el modelo \u201cA\u201d fue el vencedor en el pasado fin de semana y exigi\u00f3 al IEPC respetar la decisi\u00f3n del pueblo.<br \/>\nEl modelo \u201cA\u201d de representantes, obtuvo un 53 por ciento de votos a favor, mientras que el modelo \u201cB\u201d de planillas, alcanz\u00f3 un 47 por ciento y el resto del porcentaje fueron votos nulos, seg\u00fan datos aportados por V\u00e1zquez Quintero.<br \/>\nLos pobladores que se presentaron en el IEPC, denunciaron que durante las actividades correspondientes del fin de semana, fueron testigos de compra de votos y amenazas de sujetos que apoyaban el modelo B.<br \/>\nEsas acusaciones fueron descartadas por la Fiscal\u00eda Especializada para la Atenci\u00f3n de Delitos Electorales (FEPADE), instancia que asegur\u00f3 que el proceso de consulta en Ayutla, estuvo plagado de \u201crumores\u201d de atentados.<br \/>\nSer\u00e1 hasta este jueves, durante una sesi\u00f3n extraordinaria del IEPC, cuando los resultados del proceso consultivo sean presentados ante el Consejo General para en su caso ser avalados, inform\u00f3 el presidente de la Comisi\u00f3n Especial de Sistemas Normativos Internos, Felipe Arturo S\u00e1nchez Miranda.<\/p>\n","protected":false},"excerpt":{"rendered":"<p>En privado, la Comisi\u00f3n Especial de Sistemas Normativos Internos realiz\u00f3 el c\u00f3mputo de votos del proceso consultivo de Ayutla, el cual sirvi\u00f3 para la definici\u00f3n del modelo que regir\u00e1 la&hellip; <\/p>\n","protected":false},"author":1,"featured_media":0,"comment_status":"closed","ping_status":"closed","sticky":false,"template":"","format":"standard","meta":{"fifu_image_url":"","fifu_image_alt":"","footnotes":""},"categories":[8,17],"tags":[],"class_list":["post-5400","post","type-post","status-publish","format-standard","hentry","category-featured","category-organos-electorales"],"_links":{"self":[{"href":"https:\/\/www.interaccionnoticias.com.mx\/index.php?rest_route=\/wp\/v2\/posts\/5400","targetHints":{"allow":["GET"]}}],"collection":[{"href":"https:\/\/www.interaccionnoticias.com.mx\/index.php?rest_route=\/wp\/v2\/posts"}],"about":[{"href":"https:\/\/www.interaccionnoticias.com.mx\/index.php?rest_route=\/wp\/v2\/types\/post"}],"author":[{"embeddable":true,"href":"https:\/\/www.interaccionnoticias.com.mx\/index.php?rest_route=\/wp\/v2\/users\/1"}],"replies":[{"embeddable":true,"href":"https:\/\/www.interaccionnoticias.com.mx\/index.php?rest_route=%2Fwp%2Fv2%2Fcomments&post=5400"}],"version-history":[{"count":0,"href":"https:\/\/www.interaccionnoticias.com.mx\/index.php?rest_route=\/wp\/v2\/posts\/5400\/revisions"}],"wp:attachment":[{"href":"https:\/\/www.interaccionnoticias.com.mx\/index.php?rest_route=%2Fwp%2Fv2%2Fmedia&parent=5400"}],"wp:term":[{"taxonomy":"category","embeddable":true,"href":"https:\/\/www.interaccionnoticias.com.mx\/index.php?rest_route=%2Fwp%2Fv2%2Fcategories&post=5400"},{"taxonomy":"post_tag","embeddable":true,"href":"https:\/\/www.interaccionnoticias.com.mx\/index.php?rest_route=%2Fwp%2Fv2%2Ftags&post=5400"}],"curies":[{"name":"wp","href":"https:\/\/api.w.org\/{rel}","templated":true}]}}