{"id":53700,"date":"2022-11-22T18:31:04","date_gmt":"2022-11-23T00:31:04","guid":{"rendered":"https:\/\/interaccionnoticias.com.mx\/?p=53700"},"modified":"2022-11-22T18:31:11","modified_gmt":"2022-11-23T00:31:11","slug":"en-guerrero-se-destinan-221-pesos-por-escuela-para-combatir-el-bullyng","status":"publish","type":"post","link":"https:\/\/www.interaccionnoticias.com.mx\/?p=53700","title":{"rendered":"En Guerrero se destinan 221 pesos por escuela para combatir el bullyng"},"content":{"rendered":"\n<p><strong><em>&#8212; Es una tomada de pelo, dice diputada del PRI al titular de la SEG<\/em><\/strong><\/p>\n\n\n\n<p><strong>Rosario Garc\u00eda Orozco<\/strong><\/p>\n\n\n\n<p><strong>Chilpancingo, Gro., 22 de noviembre del 2022.-<\/strong>La diputada Julieta Fern\u00e1ndez M\u00e1rquez cuestion\u00f3 que solo se inviertan 221 pesos, en cada una de las 275 escuelas de nivel b\u00e1sico en que se combate el bullying, pues dicha cantidad debe considerarse como una \u00abtomada de pelo\u00bb.<\/p>\n\n\n\n<p>La tambi\u00e9n secretaria de la Comisi\u00f3n de Ni\u00f1os, Ni\u00f1as y Adolescentes en el Congreso local, explic\u00f3 que este a\u00f1o hubo una inversi\u00f3n operativa de 60 mil 865 pesos, canalizados junto con el Fondo de las Naciones Unidas para la Infancia (Unisef) en beneficio de 275 escuelas de las regiones Norte, Monta\u00f1a y Costa Chica, destinados para la implementaci\u00f3n de distintos proyectos, como parte del convenio de colaboraci\u00f3n para la atenci\u00f3n de los derechos de las ni\u00f1as, ni\u00f1os y adolescentes.<br>Indic\u00f3 que \u00abla inversi\u00f3n operativa que se destin\u00f3 a dichos planteles fue de 221 pesos con 90 centavos\u00bb, por cada una de las escuelas involucradas.<\/p>\n\n\n\n<p>La legisladora pri\u00ecsta consider\u00f3 que con esos recursos no se puede garantizar a los menores una vida libre de violencia.<\/p>\n\n\n\n<p>Fern\u00e1ndez M\u00e1rquez cuestion\u00f3 al funcionario estatal si existe un diagn\u00f3stico sobre la violencia que viven los menores en el entorno educativo, sobre todo en las zonas m\u00e1s violentas del estado, \u00abdonde adem\u00e1s de violencia familiar, se permite la venta de ni\u00f1as\u00bb.<\/p>\n\n\n\n<p>Insisti\u00f3: \u201cNo nos est\u00e1 quedando claro c\u00f3mo es que la SEG est\u00e1 erradicando la violencia, c\u00f3mo est\u00e1 avalando acciones, tambi\u00e9n desconocemos de los consejos de participaci\u00f3n ciudadana, quiz\u00e1 yo sea ingenua por que no los visualic\u00e9, pero en lo que env\u00eda y dice no vemos claro\u00bb.<br>Luego asest\u00f3: \u00abPareciera una tomada de pelo\u201d.<\/p>\n\n\n\n<p>Al respecto, el secretario de Educaci\u00f3n respondi\u00f3 que se trabaja en las escuelas secundarias un proyecto que se llama \u00abEscuelas para la igualdad en acci\u00f3n\u00bb, que tiene la intenci\u00f3n de contener las acciones de violencia en el \u00e1mbito escolar, en planteles que lo adoptaron como un programa piloto.<\/p>\n","protected":false},"excerpt":{"rendered":"<p>&#8212; Es una tomada de pelo, dice diputada del PRI al titular de la SEG Rosario Garc\u00eda Orozco Chilpancingo, Gro., 22 de noviembre del 2022.-La diputada Julieta Fern\u00e1ndez M\u00e1rquez cuestion\u00f3&hellip; <\/p>\n","protected":false},"author":14,"featured_media":53701,"comment_status":"open","ping_status":"open","sticky":false,"template":"","format":"standard","meta":{"fifu_image_url":"","fifu_image_alt":"","footnotes":""},"categories":[2],"tags":[],"class_list":["post-53700","post","type-post","status-publish","format-standard","has-post-thumbnail","hentry","category-congreso"],"_links":{"self":[{"href":"https:\/\/www.interaccionnoticias.com.mx\/index.php?rest_route=\/wp\/v2\/posts\/53700","targetHints":{"allow":["GET"]}}],"collection":[{"href":"https:\/\/www.interaccionnoticias.com.mx\/index.php?rest_route=\/wp\/v2\/posts"}],"about":[{"href":"https:\/\/www.interaccionnoticias.com.mx\/index.php?rest_route=\/wp\/v2\/types\/post"}],"author":[{"embeddable":true,"href":"https:\/\/www.interaccionnoticias.com.mx\/index.php?rest_route=\/wp\/v2\/users\/14"}],"replies":[{"embeddable":true,"href":"https:\/\/www.interaccionnoticias.com.mx\/index.php?rest_route=%2Fwp%2Fv2%2Fcomments&post=53700"}],"version-history":[{"count":1,"href":"https:\/\/www.interaccionnoticias.com.mx\/index.php?rest_route=\/wp\/v2\/posts\/53700\/revisions"}],"predecessor-version":[{"id":53702,"href":"https:\/\/www.interaccionnoticias.com.mx\/index.php?rest_route=\/wp\/v2\/posts\/53700\/revisions\/53702"}],"wp:featuredmedia":[{"embeddable":true,"href":"https:\/\/www.interaccionnoticias.com.mx\/index.php?rest_route=\/wp\/v2\/media\/53701"}],"wp:attachment":[{"href":"https:\/\/www.interaccionnoticias.com.mx\/index.php?rest_route=%2Fwp%2Fv2%2Fmedia&parent=53700"}],"wp:term":[{"taxonomy":"category","embeddable":true,"href":"https:\/\/www.interaccionnoticias.com.mx\/index.php?rest_route=%2Fwp%2Fv2%2Fcategories&post=53700"},{"taxonomy":"post_tag","embeddable":true,"href":"https:\/\/www.interaccionnoticias.com.mx\/index.php?rest_route=%2Fwp%2Fv2%2Ftags&post=53700"}],"curies":[{"name":"wp","href":"https:\/\/api.w.org\/{rel}","templated":true}]}}