{"id":53694,"date":"2022-11-22T17:12:01","date_gmt":"2022-11-22T23:12:01","guid":{"rendered":"https:\/\/interaccionnoticias.com.mx\/?p=53694"},"modified":"2022-11-22T17:12:07","modified_gmt":"2022-11-22T23:12:07","slug":"unos-15-mil-simpatizantes-de-guerrero-con-amlo-jacinto-gonzalez","status":"publish","type":"post","link":"https:\/\/www.interaccionnoticias.com.mx\/?p=53694","title":{"rendered":"Unos 15 mil simpatizantes de Guerrero con AMLO: Jacinto Gonz\u00e1lez"},"content":{"rendered":"\n<p><strong><em>&#8212; Amas de casa, pescadores, transportistas y obreros, con recursos propios<br>&#8212; Ser\u00e1 la denominada \u00abMarcha del Pueblo\u00bb<\/em><\/strong><\/p>\n\n\n\n<p><strong>Javier Trujillo<\/strong><\/p>\n\n\n\n<p><strong>Acapulco, Gro. \u2013<\/strong> El l\u00edder de MORENA en Guerrero, Jacinto Gonz\u00e1lez Varona, presumi\u00f3 que entre 10 mil y 15 mil amas de casa, obreros, pescadores y transportistas, acudir\u00e1n con recursos propios el 27 de noviembre con AMLO.<\/p>\n\n\n\n<p>Con el Comit\u00e9 Ejecutivo Estatal del Movimiento de Regeneraci\u00f3n Nacional, convocaron a los guerrerenses a participar en la Marcha del Pueblo para respaldar al presidente Andr\u00e9s Manuel L\u00f3pez Obrador.<\/p>\n\n\n\n<p>\u201cA la militancia, a los simpatizantes, que nos organicemos. Nosotros nacimos en la adversidad, nacimos manifest\u00e1ndonos, organiz\u00e1ndonos, cooper\u00e1ndonos, con los maestros, con los transportistas, con las amas de casa, los obreros y as\u00ed lo estamos haciendo.<\/p>\n\n\n\n<p>\u201cIncluso hay quienes hablan de que hagamos una caravana, nos estamos organizando, no tenemos una meta fijada. Pero, yo creo que a Guerrero le va aportar de 10 mil a 15 mil guerrerenses con el presidente de M\u00e9xico\u201d, presumi\u00f3, el diputado local con licencia y presidente de Morena.<\/p>\n\n\n\n<p>En otros temas, se refiri\u00f3 a la seguridad en el estado, y mencion\u00f3 que los elementos de seguridad p\u00fablica de los municipios, no est\u00e1n debidamente capacitados y menos certificados.<\/p>\n\n\n\n<p>Cuestionado por los sucesos en que tres ex elementos de la Polic\u00eda Municipal, est\u00e1n vinculados a proceso por el crimen y asalto a unos turistas, ocurrido el pasado 30 de abril en el puerto.<\/p>\n\n\n\n<p>Dijo que el crimen y robo ocurri\u00f3 debido a la falta de capacitaci\u00f3n y certificaci\u00f3n de los agentes policiales.<\/p>\n\n\n\n<p>\u201cNo tener suficientes polic\u00edas, no tener certificados a los polic\u00edas, es por eso que llegamos a estos niveles (de crimen y robo)\u201d, dijo.<\/p>\n\n\n\n<p>-\u00bfEso justificar\u00eda el que hayan asesinado y asaltado a un turista?<\/p>\n\n\n\n<p>\u201cSi, s\u00ed t\u00fa no est\u00e1s capacitado para hacer tu trabajo, lo haces mal. Si t\u00fa no est\u00e1s consciente de la responsabilidad que llevas en los hombros del trabajo que estas desempe\u00f1ando, no lo vas a saber hacer\u201d, respondi\u00f3.<\/p>\n\n\n\n<p>Aunque, aclar\u00f3 que no justificaba, remarc\u00f3 que se deb\u00eda a la falta de capacitaci\u00f3n de los polic\u00edas.<\/p>\n\n\n\n<p>En seguida, mencion\u00f3 que este martes observ\u00f3 un hecho en la avenida Farall\u00f3n en Acapulco.<\/p>\n\n\n\n<p>\u201cYo ahorita acabo de ver al pasar un suceso en Farall\u00f3n, donde estaba un ret\u00e9n de la Polic\u00eda Municipal, yo ven\u00eda en la camioneta y ven\u00eda un coche adelante, vio el ret\u00e9n, y se da la vuelta y se van como si nada. No hubo reacci\u00f3n porque no est\u00e1n capacitados, falta mucha capacitaci\u00f3n policiaca\u201d, reiter\u00f3.<\/p>\n\n\n\n<p>Insisti\u00f3 en que son males a\u00f1ejos, los que afectan a las corporaciones policiales en los municipios.<\/p>\n","protected":false},"excerpt":{"rendered":"<p>&#8212; Amas de casa, pescadores, transportistas y obreros, con recursos propios&#8212; Ser\u00e1 la denominada \u00abMarcha del Pueblo\u00bb Javier Trujillo Acapulco, Gro. \u2013 El l\u00edder de MORENA en Guerrero, Jacinto Gonz\u00e1lez&hellip; <\/p>\n","protected":false},"author":3,"featured_media":53695,"comment_status":"open","ping_status":"open","sticky":false,"template":"","format":"standard","meta":{"fifu_image_url":"","fifu_image_alt":"","footnotes":""},"categories":[21],"tags":[],"class_list":["post-53694","post","type-post","status-publish","format-standard","has-post-thumbnail","hentry","category-politica"],"_links":{"self":[{"href":"https:\/\/www.interaccionnoticias.com.mx\/index.php?rest_route=\/wp\/v2\/posts\/53694","targetHints":{"allow":["GET"]}}],"collection":[{"href":"https:\/\/www.interaccionnoticias.com.mx\/index.php?rest_route=\/wp\/v2\/posts"}],"about":[{"href":"https:\/\/www.interaccionnoticias.com.mx\/index.php?rest_route=\/wp\/v2\/types\/post"}],"author":[{"embeddable":true,"href":"https:\/\/www.interaccionnoticias.com.mx\/index.php?rest_route=\/wp\/v2\/users\/3"}],"replies":[{"embeddable":true,"href":"https:\/\/www.interaccionnoticias.com.mx\/index.php?rest_route=%2Fwp%2Fv2%2Fcomments&post=53694"}],"version-history":[{"count":1,"href":"https:\/\/www.interaccionnoticias.com.mx\/index.php?rest_route=\/wp\/v2\/posts\/53694\/revisions"}],"predecessor-version":[{"id":53696,"href":"https:\/\/www.interaccionnoticias.com.mx\/index.php?rest_route=\/wp\/v2\/posts\/53694\/revisions\/53696"}],"wp:featuredmedia":[{"embeddable":true,"href":"https:\/\/www.interaccionnoticias.com.mx\/index.php?rest_route=\/wp\/v2\/media\/53695"}],"wp:attachment":[{"href":"https:\/\/www.interaccionnoticias.com.mx\/index.php?rest_route=%2Fwp%2Fv2%2Fmedia&parent=53694"}],"wp:term":[{"taxonomy":"category","embeddable":true,"href":"https:\/\/www.interaccionnoticias.com.mx\/index.php?rest_route=%2Fwp%2Fv2%2Fcategories&post=53694"},{"taxonomy":"post_tag","embeddable":true,"href":"https:\/\/www.interaccionnoticias.com.mx\/index.php?rest_route=%2Fwp%2Fv2%2Ftags&post=53694"}],"curies":[{"name":"wp","href":"https:\/\/api.w.org\/{rel}","templated":true}]}}