{"id":5359,"date":"2017-06-13T21:28:56","date_gmt":"2017-06-14T02:28:56","guid":{"rendered":"http:\/\/www.inter-accion.com.mx\/?p=5359"},"modified":"2017-06-13T21:28:56","modified_gmt":"2017-06-14T02:28:56","slug":"no-hay-denuncias-por-proceso-consultivo-en-ayutla-fepade","status":"publish","type":"post","link":"https:\/\/www.interaccionnoticias.com.mx\/?p=5359","title":{"rendered":"No hay denuncias por proceso consultivo en Ayutla: FEPADE"},"content":{"rendered":"<p>La Fiscal\u00eda Especializada para la Atenci\u00f3n de Delitos Electorales (FEPADE), report\u00f3 que no ha sido presentada ninguna denuncia formal en torno al proceso consultivo en Ayutla, para la definici\u00f3n del modelo de elecci\u00f3n por usos y costumbres del pr\u00f3ximo a\u00f1o.<br \/>\nEl d\u00eda lunes, un grupo de pobladores de Ayutla que eran encabezados por el abogado de la Uni\u00f3n de Pueblos y Organizaciones del Estado de Guerrero (UPOEG) Manuel V\u00e1zquez Quintero, denunciaron que durante esa jornada de consulta hab\u00edan sido testigos de la compra de votos indiscriminada y de amenazas a la ciudadan\u00eda para declinarse por uno de los dos modelos.<br \/>\nAl respecto, Sandoval Catal\u00e1n indic\u00f3 que personal de la FEPADE acudi\u00f3 a la mayor\u00eda de las asambleas como observadores durante el desarrollo de la actividad, la cual fue coordinada por el Instituto a Electoral y de Participaci\u00f3n Ciudadana (IEPC) y solo se detectaron incidentes menores.<br \/>\nSolo una queja fue registrada por personal de la FEPADE y se debi\u00f3 a que a una persona no se le permiti\u00f3 participar en la asamblea, porque no pertenec\u00eda a esa \u00e1rea.<br \/>\n\u00abEstuvimos presentes en la mayor\u00eda de las asambleas, las cuales fueron muy pac\u00edficas, relativamente con incidentes menores sin alguna que pudiera enturbiar o poner en riesgo las asambleas\u00bb, coment\u00f3.<br \/>\nDurante los recorridos que realiz\u00f3 la FEPADE a los sitios donde se hab\u00edan reportados presuntas \u00abirregularidades\u00bb, se constat\u00f3 que eran \u00fanicamente rumores de la ciudadan\u00eda, asegur\u00f3 el funcionario.<br \/>\nEl pasado fin de semana, los pobladores de Ayutla fueron consultados por el IEPC para definir el modelo por el cual se regir\u00e1n las elecciones por usos y costumbres del pr\u00f3ximo a\u00f1o.<br \/>\n&nbsp;<\/p>\n","protected":false},"excerpt":{"rendered":"<p>La Fiscal\u00eda Especializada para la Atenci\u00f3n de Delitos Electorales (FEPADE), report\u00f3 que no ha sido presentada ninguna denuncia formal en torno al proceso consultivo en Ayutla, para la definici\u00f3n del&hellip; <\/p>\n","protected":false},"author":1,"featured_media":0,"comment_status":"closed","ping_status":"closed","sticky":false,"template":"","format":"standard","meta":{"fifu_image_url":"","fifu_image_alt":"","footnotes":""},"categories":[8,17],"tags":[],"class_list":["post-5359","post","type-post","status-publish","format-standard","hentry","category-featured","category-organos-electorales"],"_links":{"self":[{"href":"https:\/\/www.interaccionnoticias.com.mx\/index.php?rest_route=\/wp\/v2\/posts\/5359","targetHints":{"allow":["GET"]}}],"collection":[{"href":"https:\/\/www.interaccionnoticias.com.mx\/index.php?rest_route=\/wp\/v2\/posts"}],"about":[{"href":"https:\/\/www.interaccionnoticias.com.mx\/index.php?rest_route=\/wp\/v2\/types\/post"}],"author":[{"embeddable":true,"href":"https:\/\/www.interaccionnoticias.com.mx\/index.php?rest_route=\/wp\/v2\/users\/1"}],"replies":[{"embeddable":true,"href":"https:\/\/www.interaccionnoticias.com.mx\/index.php?rest_route=%2Fwp%2Fv2%2Fcomments&post=5359"}],"version-history":[{"count":0,"href":"https:\/\/www.interaccionnoticias.com.mx\/index.php?rest_route=\/wp\/v2\/posts\/5359\/revisions"}],"wp:attachment":[{"href":"https:\/\/www.interaccionnoticias.com.mx\/index.php?rest_route=%2Fwp%2Fv2%2Fmedia&parent=5359"}],"wp:term":[{"taxonomy":"category","embeddable":true,"href":"https:\/\/www.interaccionnoticias.com.mx\/index.php?rest_route=%2Fwp%2Fv2%2Fcategories&post=5359"},{"taxonomy":"post_tag","embeddable":true,"href":"https:\/\/www.interaccionnoticias.com.mx\/index.php?rest_route=%2Fwp%2Fv2%2Ftags&post=5359"}],"curies":[{"name":"wp","href":"https:\/\/api.w.org\/{rel}","templated":true}]}}