{"id":53563,"date":"2022-11-18T19:28:17","date_gmt":"2022-11-19T01:28:17","guid":{"rendered":"https:\/\/interaccionnoticias.com.mx\/?p=53563"},"modified":"2022-11-18T19:28:22","modified_gmt":"2022-11-19T01:28:22","slug":"fuerzas-de-seguridad-impiden-la-confrontacion-entre-grupos-de-autodefensa-en-la-region-norte-de-guerrero","status":"publish","type":"post","link":"https:\/\/www.interaccionnoticias.com.mx\/?p=53563","title":{"rendered":"Fuerzas de seguridad impiden la confrontaci\u00f3n entre grupos de autodefensa en la Regi\u00f3n Norte de Guerrero"},"content":{"rendered":"\n<p><strong><em>&#8212; Hace una semana, la Polic\u00eda Ciudadana de Heliodoro Castillo desplaz\u00f3 a la Tecampanera de Teloloapan<\/em><\/strong><\/p>\n\n\n\n<p><strong>Rogelio Agust\u00edn<\/strong><\/p>\n\n\n\n<p>Desde hace una semana, las corporaciones del Estado y la Federaci\u00f3n vigilan el corredor que va de Teloloapan hacia Cuetzala del Progreso, para evitar que se genere una confrontaci\u00f3n armada entre dos grupos de autodefensas; la Polic\u00eda Ciudadana de Heliodoro Castillo y la Polic\u00eda Tecampanera de Teloloapan.<\/p>\n\n\n\n<p>Tecampaneros y Comunitarios de Heliodoro Castillo eran aliados hasta 2018, cuando formaban parte del Frente Unido de Polic\u00edas Comunitarias del Estado de Guerrero (FUPCEG).<\/p>\n\n\n\n<p>Sin embargo, los de Heliodoro Castillo a trav\u00e9s de su coordinador, Salvador Alan\u00eds Trujillo dieron a conocer el distanciamiento con los de Teloloapan, argumentando que estaban aplicando un \u201ccobro de piso\u201d a los pueblos ubicados en su zona de influencia que complicaba el problema de empobrecimiento de sus ciudadanos.<\/p>\n\n\n\n<p>Las tensiones crecieron durante varios meses, hasta que la ciudadana de Heliodoro Castillo comenz\u00f3 a moverse hacia comunidades de Apaxtla y Cu\u00e9tzala del Progreso, que estaban en control de la Tecampanera, generando una serie de enfrentamientos que hasta el momento han dejado el saldo de dos muertos y un detenido, de acuerdo con lo reportado por las autoridades.<\/p>\n\n\n\n<p>Desde el s\u00e1bado 12 de noviembre, la Polic\u00eda Ciudadana de Heliodoro Castillo lleg\u00f3 a la cabecera municipal de Apaxtla de Castrej\u00f3n, con alrededor de 700 hombres armados.<\/p>\n\n\n\n<p>La justificaci\u00f3n, de acuerdo con el coordinador Alan\u00eds Trujillo, fue suspender el cobro de piso que hab\u00eda elevado en m\u00e1s del 50 por ciento el costo de los productos de la canasta b\u00e1sica, lo que perjudicaba a muchos pueblos de la Sierra, que ante las condiciones de caminos y por la distancia, ten\u00edan como opci\u00f3n abastecerse en Apaxtla.<\/p>\n\n\n\n<p>De inmediato, elementos del 41 batall\u00f3n de Infanter\u00eda, as\u00ed como del 27 se trasladaron al lugar para inhibir la posibiidad de que los grupos de civiles armados se enfrentaran.<\/p>\n\n\n\n<p>La moche del jueves 17 de noviembre, funcionarios de la Secretar\u00eda General de Gobierno, mandos de la 35 Zona Militar y de la Secretar\u00eda de Seguridad P\u00fablica (SSP) acordaron intensificar los trabajos de vililancia y proximidad en los caminos que van de Teloloapan, principal centro de operaciones de la Tecampanera hacia Cuetzala del Progreso y Apaxtla.<\/p>\n\n\n\n<p>La intenci\u00f3n, de acuerdo con Francisco Rodr\u00edguez Cisneros, director de Gobernaci\u00f3n estatal, es generar m\u00e1s cercan\u00eda con los habitantes para que las actividades sustantivas se mantengan.<\/p>\n\n\n\n<p>La presencia institucional, indic\u00f3 que impide que haya acercamientos entre los grupos que se reivindican como autodefensas, los que han dado a conocer que tienen diferencias y que se encuentran en el inter\u00e9s de asumir el control de parte importante de la zona Norte de Guerrero.<\/p>\n\n\n\n<p>En estos momentos, quienes se encuentran en el control son las autoridades del Estado y la Federaci\u00f3n, que se encuentran en comunicaci\u00f3n permanente con los alcaldes de los municipios ubicados en la zona de ambos grupos de civiles armados.<\/p>\n","protected":false},"excerpt":{"rendered":"<p>&#8212; Hace una semana, la Polic\u00eda Ciudadana de Heliodoro Castillo desplaz\u00f3 a la Tecampanera de Teloloapan Rogelio Agust\u00edn Desde hace una semana, las corporaciones del Estado y la Federaci\u00f3n vigilan&hellip; <\/p>\n","protected":false},"author":21,"featured_media":53564,"comment_status":"open","ping_status":"open","sticky":false,"template":"","format":"standard","meta":{"fifu_image_url":"","fifu_image_alt":"","footnotes":""},"categories":[27],"tags":[],"class_list":["post-53563","post","type-post","status-publish","format-standard","has-post-thumbnail","hentry","category-seguridad-publica"],"_links":{"self":[{"href":"https:\/\/www.interaccionnoticias.com.mx\/index.php?rest_route=\/wp\/v2\/posts\/53563","targetHints":{"allow":["GET"]}}],"collection":[{"href":"https:\/\/www.interaccionnoticias.com.mx\/index.php?rest_route=\/wp\/v2\/posts"}],"about":[{"href":"https:\/\/www.interaccionnoticias.com.mx\/index.php?rest_route=\/wp\/v2\/types\/post"}],"author":[{"embeddable":true,"href":"https:\/\/www.interaccionnoticias.com.mx\/index.php?rest_route=\/wp\/v2\/users\/21"}],"replies":[{"embeddable":true,"href":"https:\/\/www.interaccionnoticias.com.mx\/index.php?rest_route=%2Fwp%2Fv2%2Fcomments&post=53563"}],"version-history":[{"count":1,"href":"https:\/\/www.interaccionnoticias.com.mx\/index.php?rest_route=\/wp\/v2\/posts\/53563\/revisions"}],"predecessor-version":[{"id":53565,"href":"https:\/\/www.interaccionnoticias.com.mx\/index.php?rest_route=\/wp\/v2\/posts\/53563\/revisions\/53565"}],"wp:featuredmedia":[{"embeddable":true,"href":"https:\/\/www.interaccionnoticias.com.mx\/index.php?rest_route=\/wp\/v2\/media\/53564"}],"wp:attachment":[{"href":"https:\/\/www.interaccionnoticias.com.mx\/index.php?rest_route=%2Fwp%2Fv2%2Fmedia&parent=53563"}],"wp:term":[{"taxonomy":"category","embeddable":true,"href":"https:\/\/www.interaccionnoticias.com.mx\/index.php?rest_route=%2Fwp%2Fv2%2Fcategories&post=53563"},{"taxonomy":"post_tag","embeddable":true,"href":"https:\/\/www.interaccionnoticias.com.mx\/index.php?rest_route=%2Fwp%2Fv2%2Ftags&post=53563"}],"curies":[{"name":"wp","href":"https:\/\/api.w.org\/{rel}","templated":true}]}}