{"id":53560,"date":"2022-11-18T19:21:04","date_gmt":"2022-11-19T01:21:04","guid":{"rendered":"https:\/\/interaccionnoticias.com.mx\/?p=53560"},"modified":"2022-11-18T19:21:09","modified_gmt":"2022-11-19T01:21:09","slug":"marcha-de-la-cnte-llega-a-cuernavaca","status":"publish","type":"post","link":"https:\/\/www.interaccionnoticias.com.mx\/?p=53560","title":{"rendered":"Marcha de la CNTE llega a Cuernavaca"},"content":{"rendered":"\n<p><strong><em>&#8212; CETEG acusa al presidente de ignorar la movilizaci\u00f3n<\/em><\/strong><\/p>\n\n\n\n<p><strong>Jes\u00fas Dorantes<\/strong><\/p>\n\n\n\n<p><strong>Chilpancingo, Gro.- <\/strong>A cinco d\u00edas de que la caravana de la Coordinadora Nacional de Trabajadores de la Educaci\u00f3n (CNTE) saliera de Guerrero, este viernes lleg\u00f3 a la capital de Morelos, d\u00f3nde la CETEG acus\u00f3 al presidente Andr\u00e9s Manuel L\u00f3pez Obrador de ignorar al movimiento.<\/p>\n\n\n\n<p>Median un breve comunicado compartido por el \u00e1rea de prensa de la CETEG, los maestros informaron lo siguiente:<\/p>\n\n\n\n<p>\u201cQuinto d\u00eda de la Marcha Caravana, irreverentemente ignorada por el presidente Andr\u00e9s Manuel L\u00f3pez Obrador, acordamos realizar actividades pol\u00edticas durante el trayecto hacia la ciudad de M\u00e9xico\u201d.<\/p>\n\n\n\n<p>La tarde del viernes, la caravana que inici\u00f3 el pasado 14 de noviembre en Chilpancingo, con la participaci\u00f3n de representantes de Sonora; Oaxaca, Chiapas, Michoac\u00e1n y Guerrero lleg\u00f3 Cuernavaca Morelos.<\/p>\n\n\n\n<p>Durante los cinco d\u00edas de recorrido, el magisterio realiz\u00f3 paradas para marchar en los municipios de Iguala de la Independencia, Buenavista de Cuellar, Amacuzac, Alpuyeca y Cuernavaca, por lo que solo falta el punto de Tres Mar\u00edas, antes de llegar a la Ciudad de M\u00e9xico.<\/p>\n\n\n\n<p>Los maestros disidentes esperan que haya voluntad del Gobierno de la Rep\u00fablica para atender sus reclamos.<\/p>\n","protected":false},"excerpt":{"rendered":"<p>&#8212; CETEG acusa al presidente de ignorar la movilizaci\u00f3n Jes\u00fas Dorantes Chilpancingo, Gro.- A cinco d\u00edas de que la caravana de la Coordinadora Nacional de Trabajadores de la Educaci\u00f3n (CNTE)&hellip; <\/p>\n","protected":false},"author":8,"featured_media":53561,"comment_status":"open","ping_status":"open","sticky":false,"template":"","format":"standard","meta":{"fifu_image_url":"","fifu_image_alt":"","footnotes":""},"categories":[6],"tags":[],"class_list":["post-53560","post","type-post","status-publish","format-standard","has-post-thumbnail","hentry","category-educacion"],"_links":{"self":[{"href":"https:\/\/www.interaccionnoticias.com.mx\/index.php?rest_route=\/wp\/v2\/posts\/53560","targetHints":{"allow":["GET"]}}],"collection":[{"href":"https:\/\/www.interaccionnoticias.com.mx\/index.php?rest_route=\/wp\/v2\/posts"}],"about":[{"href":"https:\/\/www.interaccionnoticias.com.mx\/index.php?rest_route=\/wp\/v2\/types\/post"}],"author":[{"embeddable":true,"href":"https:\/\/www.interaccionnoticias.com.mx\/index.php?rest_route=\/wp\/v2\/users\/8"}],"replies":[{"embeddable":true,"href":"https:\/\/www.interaccionnoticias.com.mx\/index.php?rest_route=%2Fwp%2Fv2%2Fcomments&post=53560"}],"version-history":[{"count":1,"href":"https:\/\/www.interaccionnoticias.com.mx\/index.php?rest_route=\/wp\/v2\/posts\/53560\/revisions"}],"predecessor-version":[{"id":53562,"href":"https:\/\/www.interaccionnoticias.com.mx\/index.php?rest_route=\/wp\/v2\/posts\/53560\/revisions\/53562"}],"wp:featuredmedia":[{"embeddable":true,"href":"https:\/\/www.interaccionnoticias.com.mx\/index.php?rest_route=\/wp\/v2\/media\/53561"}],"wp:attachment":[{"href":"https:\/\/www.interaccionnoticias.com.mx\/index.php?rest_route=%2Fwp%2Fv2%2Fmedia&parent=53560"}],"wp:term":[{"taxonomy":"category","embeddable":true,"href":"https:\/\/www.interaccionnoticias.com.mx\/index.php?rest_route=%2Fwp%2Fv2%2Fcategories&post=53560"},{"taxonomy":"post_tag","embeddable":true,"href":"https:\/\/www.interaccionnoticias.com.mx\/index.php?rest_route=%2Fwp%2Fv2%2Ftags&post=53560"}],"curies":[{"name":"wp","href":"https:\/\/api.w.org\/{rel}","templated":true}]}}