{"id":53537,"date":"2022-11-18T14:02:10","date_gmt":"2022-11-18T20:02:10","guid":{"rendered":"https:\/\/interaccionnoticias.com.mx\/?p=53537"},"modified":"2022-11-18T14:02:15","modified_gmt":"2022-11-18T20:02:15","slug":"si-no-vamos-en-coalicion-no-ganaremos-dice-marko-cortes-ante-el-foro-de-exgobernadores","status":"publish","type":"post","link":"https:\/\/www.interaccionnoticias.com.mx\/?p=53537","title":{"rendered":"\u201cSi no vamos en coalici\u00f3n, no ganaremos\u201d, dice Marko Cort\u00e9s ante el foro de exgobernadores"},"content":{"rendered":"\n<p>Ciudad de M\u00e9xico, 18 de noviembre de 2022.- \u201cSi no vamos en coalici\u00f3n, no ganaremos\u201d, reconoci\u00f3 el dirigente del Partido Acci\u00f3n Nacional, Marko Cort\u00e9s Mendoza.<\/p>\n\n\n\n<p>Esto, al reunirse la ma\u00f1ana de este viernes, con el Foro Plural de Exgobernadores de M\u00e9xico en el sal\u00f3n de un hotel del Sur de la Ciudad de M\u00e9xico, ante quienes Cortez Mendoza sostuvo que es posible que los partidos de oposici\u00f3n caminen juntos.<\/p>\n\n\n\n<p>\u201cSi nosotros, los tres partidos no vamos coaligados en 2023, es obvio que no se gana, y si se gana, es obvio que cambia la correlaci\u00f3n de fuerzas y eso tiene un valor muy importante\u201d, dijo.<\/p>\n\n\n\n<p>Por lo que habl\u00f3 de la necesidad de establecer un acuerdo pol\u00edtico con miras a la elecci\u00f3n presidencial de manera p\u00fablica, de frente a la sociedad.<\/p>\n\n\n\n<p>Aunque condicion\u00f3 la eventual alianza, a que \u201cel PRI, no vuelva a flaquear, no se vuelva a vencer o lo que haya ocurrido. Nosotros s\u00ed podr\u00edamos ir a una coalici\u00f3n siempre y cuando lo que se dice se sostenga en los hechos y que adem\u00e1s vayamos juntos en el nombramiento de los consejeros del INE\u201d.<\/p>\n\n\n\n<p>El dirigente del blanquiazul advirti\u00f3 que la confianza en el PRI est\u00e1 \u201csumamente lastimada (porque) hemos visto muchas cosas\u201d.<\/p>\n\n\n\n<p>Marko Cort\u00e9s insisti\u00f3 que los acuerdos que se establezcan se deben cumplir, e hizo un llamado a los partidos a estar a la altura de las circunstancias que vive M\u00e9xico.<\/p>\n\n\n\n<p>En sus participaciones, los exgobernadores coincidieron que las alianzas no se deben agotar en lo electoral, y propusieron fijar la ruta hacia un gobierno de coalici\u00f3n en alianza con la sociedad civil, en el que se integren los mejores perfiles.<\/p>\n\n\n\n<p>El ex gobernador Natividad Gonz\u00e1lez Par\u00e1s se\u00f1al\u00f3 los actuales son tiempo de alianzas, e identific\u00f3 en el pluralismo \u201cun activo en la vida pol\u00edtica del pa\u00eds.<\/p>\n\n\n\n<p>Y llam\u00f3 a trabajar a favor de una alianza m\u00e1s all\u00e1 de las dirigencias de los partidos pol\u00edticos, que incluya a las expresiones pol\u00edticas a su interior, y que sea legitimada por la sociedad civil.<\/p>\n\n\n\n<p>En tanto que Arturo N\u00fa\u00f1ez, ex gobernador de Tabasco, dijo que los partidos pol\u00edticos deben buscar una reconciliaci\u00f3n con la sociedad.<\/p>\n\n\n\n<p>Llam\u00f3 a no desde\u00f1as las causas que propiciaron la derrota electoral en 2018, y coincidi\u00f3 que la sociedad civil debe ser incorporada a la gran decisi\u00f3n de establecer una alianza rumbo al 2024.<\/p>\n\n\n\n<p>Beatriz Parede Rangel se pronunci\u00f3 porque, adem\u00e1s, se perfile desde ahora, una alianza legislativa para ganar la mayor\u00eda en el Senado en 2024.<\/p>\n\n\n\n<p>Asistieron el encuentro los gobernadores Salvador Jara Guerrero, de Michoac\u00e1n; Natividad Gonz\u00e1lez Par\u00e1s, de Nuevo Le\u00f3n; Beatriz Paredes Rangel, de Michoac\u00e1n; Arturo N\u00fa\u00f1ez Jim\u00e9nez, de Tabasco; Rub\u00e9n Figueroa Alcocer, H\u00e9ctor Astudillo Flores y \u00c1ngel Aguirre Rivero, de Guerrero.<\/p>\n\n\n\n<p>Miguel Alonso Reyes, de Zacatecas; Enrique Burgos Garc\u00eda, de Quer\u00e9taro; Graco Ram\u00edrez Abreu, de Morelos; Jos\u00e9 Ignacio Peralta S\u00e1nchez, de Colima.<\/p>\n\n\n\n<p><\/p>\n","protected":false},"excerpt":{"rendered":"<p>Ciudad de M\u00e9xico, 18 de noviembre de 2022.- \u201cSi no vamos en coalici\u00f3n, no ganaremos\u201d, reconoci\u00f3 el dirigente del Partido Acci\u00f3n Nacional, Marko Cort\u00e9s Mendoza. Esto, al reunirse la ma\u00f1ana&hellip; <\/p>\n","protected":false},"author":19,"featured_media":53538,"comment_status":"open","ping_status":"open","sticky":false,"template":"","format":"standard","meta":{"fifu_image_url":"","fifu_image_alt":"","footnotes":""},"categories":[21],"tags":[],"class_list":["post-53537","post","type-post","status-publish","format-standard","has-post-thumbnail","hentry","category-politica"],"_links":{"self":[{"href":"https:\/\/www.interaccionnoticias.com.mx\/index.php?rest_route=\/wp\/v2\/posts\/53537","targetHints":{"allow":["GET"]}}],"collection":[{"href":"https:\/\/www.interaccionnoticias.com.mx\/index.php?rest_route=\/wp\/v2\/posts"}],"about":[{"href":"https:\/\/www.interaccionnoticias.com.mx\/index.php?rest_route=\/wp\/v2\/types\/post"}],"author":[{"embeddable":true,"href":"https:\/\/www.interaccionnoticias.com.mx\/index.php?rest_route=\/wp\/v2\/users\/19"}],"replies":[{"embeddable":true,"href":"https:\/\/www.interaccionnoticias.com.mx\/index.php?rest_route=%2Fwp%2Fv2%2Fcomments&post=53537"}],"version-history":[{"count":1,"href":"https:\/\/www.interaccionnoticias.com.mx\/index.php?rest_route=\/wp\/v2\/posts\/53537\/revisions"}],"predecessor-version":[{"id":53539,"href":"https:\/\/www.interaccionnoticias.com.mx\/index.php?rest_route=\/wp\/v2\/posts\/53537\/revisions\/53539"}],"wp:featuredmedia":[{"embeddable":true,"href":"https:\/\/www.interaccionnoticias.com.mx\/index.php?rest_route=\/wp\/v2\/media\/53538"}],"wp:attachment":[{"href":"https:\/\/www.interaccionnoticias.com.mx\/index.php?rest_route=%2Fwp%2Fv2%2Fmedia&parent=53537"}],"wp:term":[{"taxonomy":"category","embeddable":true,"href":"https:\/\/www.interaccionnoticias.com.mx\/index.php?rest_route=%2Fwp%2Fv2%2Fcategories&post=53537"},{"taxonomy":"post_tag","embeddable":true,"href":"https:\/\/www.interaccionnoticias.com.mx\/index.php?rest_route=%2Fwp%2Fv2%2Ftags&post=53537"}],"curies":[{"name":"wp","href":"https:\/\/api.w.org\/{rel}","templated":true}]}}