{"id":53533,"date":"2022-11-18T13:55:29","date_gmt":"2022-11-18T19:55:29","guid":{"rendered":"https:\/\/interaccionnoticias.com.mx\/?p=53533"},"modified":"2022-11-18T13:55:30","modified_gmt":"2022-11-18T19:55:30","slug":"rechaza-bravo-abarca-que-se-midan-pensiones-a-traves-de-uma","status":"publish","type":"post","link":"https:\/\/www.interaccionnoticias.com.mx\/?p=53533","title":{"rendered":"Rechaza Bravo Abarca que se midan pensiones a trav\u00e9s de UMA"},"content":{"rendered":"\n<p><strong><em>Organiza PRI conferencia magistral para jubilados y pensionados<\/em><\/strong><\/p>\n\n\n\n<p><strong>Chilpancingo a 18 de noviembre. &#8211;<\/strong> El presidente del Comit\u00e9 Directivo Estatal del PRI, Alejandro Bravo Abarca, y la secretaria general, Pilar Vadillo Ruiz estuvieron presentes en la conferencia magistral, \u201cEn defensa de las Pensiones en Salarios M\u00ednimos de Pensionados y Jubilados del Estado de Guerrero\u201d, que organiz\u00f3 la Secretar\u00eda de Atenci\u00f3n de Adultos Mayores del CDE.<\/p>\n\n\n\n<p>En el evento realizado en la sala Jos\u00e9 Francisco Ruiz Massieu, en la sede del Comit\u00e9 Directivo Estatal, estuvieron como ponentes Luc\u00eda Ram\u00edrez Ort\u00edz y Luis Alberto Nava Salgado, de la secretar\u00eda de Atenci\u00f3n a Adultos Mayores del Comit\u00e9 Ejecutivo Nacional (CEN) del PRI y al dar la bienvenida a la conferencia, Alejandro Bravo Abarca, se\u00f1al\u00f3 que el tema de las pensiones a los adultos mayores es de gran relevancia para el Partido Revolucionario Institucional en el pa\u00eds y en el estado de Guerrero, y expres\u00f3 el apoyo del PRI en el estado a las y los jubilados para que su pago de pensiones ya no se mida a trav\u00e9s de la Unidad de Medida y Actualizaci\u00f3n y se realice de acuerdo a los salarios m\u00ednimos vigentes.<\/p>\n\n\n\n<p>La secretaria de Atenci\u00f3n Adultos Mayores, Luc\u00eda Abarca, hizo una breve rese\u00f1a de la historia de del Partido Revolucionario Institucional e indic\u00f3 que \u201choy es tiempo de unidad y no se trata de hacer competencias y ver quien lleva m\u00e1s gente a una marcha, no era necesario eso, porque en el domingo pasado particip\u00f3 gente de todo tipo, de todos los estilos, lo que es M\u00e9xico\u201d, el mosaico de gente, todo tipo de profesionistas y varios partidos pol\u00edticos.<\/p>\n\n\n\n<p>Se refiri\u00f3 al sistema de pensiones del gobierno federal \u201cque vienen de nuestros propios impuestos, no es un regalo, es el trabajo de todos nosotros, que bueno que se apoye\u201d, pero el primero en hacer la propuesta de elevar las pensiones a nivel constitucional fue Enrique Pe\u00f1a Nieto, y el primero en igualar el salario de pensionados a nivel nacional fue el ex presidente Carlos Salinas de Gortari.<\/p>\n\n\n\n<p>Agreg\u00f3 que el PRI es el creador del M\u00e9xico que tenemos, al construir las escuelas, las universidades, las carreteras donde no hab\u00eda antes, \u201cy yo estoy segura que nuestro partido, el Revolucionario Institucional volver\u00e1 a resurgir como el Ave F\u00e9nix porque lo ha hecho muchas veces\u201d.<\/p>\n\n\n\n<p>En su ponencia el subsecretario de Atenci\u00f3n a Adultos Mayores del CEN del PRI, Luis Alberto Nava Salgado, se\u00f1al\u00f3 que a partir de 2016, a las pensiones del ISSSTE se les comenz\u00f3 a aplicar una medida diferente al salario m\u00ednimo, que es el uso medida que la ley del ISSSTE y la Constituci\u00f3n Federal de la Rep\u00fablica establec\u00edan para el c\u00e1lculo de la pensi\u00f3n diaria y mensual.<\/p>\n\n\n\n<p>Agreg\u00f3 que esta medida perjudica al sector de los maestros que se jubilan con el monto m\u00e1ximo de la pensi\u00f3n; que es de 10 veces el salario m\u00ednimo; \u201csin embargo en 2015 una corriente fuerte de parlamentarios llevaron a discusi\u00f3n al Pleno de la C\u00e1mara, la aprobaci\u00f3n de una ley de siete art\u00edculos que es la Ley de Unidad de Medida y Actualizaci\u00f3n\u201d, la UMA, cuyo prop\u00f3sito era quitarle presi\u00f3n al salario m\u00ednimo.<\/p>\n\n\n\n<p>Dijo que esta ley se aprob\u00f3 \u201csin un an\u00e1lisis profundo de los legisladores\u201d, y entr\u00f3 vigor en enero de 2016, cuando el salario y la Unidad de Medida de Actualizaci\u00f3n val\u00edan lo mismo, en 2017 la variaci\u00f3n fue muy peque\u00f1a y perjudic\u00f3 a pensionados que percib\u00edan el equivalente a 10 veces el salario m\u00ednimo, \u201ca estos, ya incluido el aguinaldo, al a\u00f1o el gobierno federal les dej\u00f3 de pagar 18 mil 800 pesos; para 2018 se duplic\u00f3 a 33 mil pesos, y luego para 2019, la cantidad ascendi\u00f3 a m\u00e1s de 70 mil pesos, lo que dejaron de cobrar los pensionados que ten\u00edan m\u00e1s de 10 salarios m\u00ednimos.<\/p>\n\n\n\n<p>Finalmente el presidente del CDE, Alejandro Bravo Abarca, celebr\u00f3 que estas conferencias \u201cdespierten el inter\u00e9s de compa\u00f1eras y compa\u00f1eros que est\u00e1n por jubilarse, pero que tambi\u00e9n est\u00e1 en riesgo su pensi\u00f3n y los trabajadores que ya est\u00e1n siendo afectados por estas medidas que est\u00e1 tomando el gobierno federal, apoyado por el Congreso\u201d.<\/p>\n\n\n\n<p>Dijo que para el PRI es un compromiso encabezar esta lucha junto a los jubilados, \u201cm\u00e1s all\u00e1 de los partidos pol\u00edticos, a nosotros nos preocupa lo que le est\u00e1 pasando a los jubilados, ya que el dinero cada d\u00eda alcanza menos porque estamos bajo un gobierno que no tiene rumbo\u201d, que ha adoptado pol\u00edticas econ\u00f3micas err\u00f3neas y quienes las est\u00e1n pagando son las familias mexicanas.<\/p>\n\n\n\n<p>A esta conferencia tambi\u00e9n asistieron el secretario de Atenci\u00f3n a Adultos Mayores del CDE, H\u00e9ctor Arellano;, el ex dirigente de la CNC, Mois\u00e9s Carbajal Mill\u00e1n; el presidente del Comit\u00e9 Municipal del PRI Joel Eugenio Flores, el secretario general de la Asociaci\u00f3n de Pensionados y Jubilados N\u00famero Dos, Lotario Javier S\u00e1nchez Nava, el secretario general del Consejo N\u00famero 8 de la Asociaci\u00f3n de Jubilados y Pensionados Jes\u00fas Trujillo Giles y la coordinadora estatal de Adultos Mayores del ONMPRI, Mar\u00eda Teresa Leva.<\/p>\n\n\n\n<figure class=\"wp-block-gallery columns-2 is-cropped wp-block-gallery-1 is-layout-flex wp-block-gallery-is-layout-flex\"><ul class=\"blocks-gallery-grid\"><li class=\"blocks-gallery-item\"><figure><img decoding=\"async\" src=\"data:image\/gif;base64,R0lGODlhAQABAIAAAAAAAP\/\/\/ywAAAAAAQABAAACAUwAOw==\" fifu-lazy=\"1\" fifu-data-sizes=\"auto\" fifu-data-srcset=\"https:\/\/i0.wp.com\/interaccionnoticias.com.mx\/wp-content\/uploads\/2022\/11\/221118-Alejandro-Bravo-Abarca-1-1024x683.jpeg?ssl=1&w=75&resize=75&ssl=1 75w, https:\/\/i0.wp.com\/interaccionnoticias.com.mx\/wp-content\/uploads\/2022\/11\/221118-Alejandro-Bravo-Abarca-1-1024x683.jpeg?ssl=1&w=100&resize=100&ssl=1 100w, https:\/\/i0.wp.com\/interaccionnoticias.com.mx\/wp-content\/uploads\/2022\/11\/221118-Alejandro-Bravo-Abarca-1-1024x683.jpeg?ssl=1&w=150&resize=150&ssl=1 150w, https:\/\/i0.wp.com\/interaccionnoticias.com.mx\/wp-content\/uploads\/2022\/11\/221118-Alejandro-Bravo-Abarca-1-1024x683.jpeg?ssl=1&w=240&resize=240&ssl=1 240w, https:\/\/i0.wp.com\/interaccionnoticias.com.mx\/wp-content\/uploads\/2022\/11\/221118-Alejandro-Bravo-Abarca-1-1024x683.jpeg?ssl=1&w=320&resize=320&ssl=1 320w, https:\/\/i0.wp.com\/interaccionnoticias.com.mx\/wp-content\/uploads\/2022\/11\/221118-Alejandro-Bravo-Abarca-1-1024x683.jpeg?ssl=1&w=500&resize=500&ssl=1 500w, https:\/\/i0.wp.com\/interaccionnoticias.com.mx\/wp-content\/uploads\/2022\/11\/221118-Alejandro-Bravo-Abarca-1-1024x683.jpeg?ssl=1&w=640&resize=640&ssl=1 640w, https:\/\/i0.wp.com\/interaccionnoticias.com.mx\/wp-content\/uploads\/2022\/11\/221118-Alejandro-Bravo-Abarca-1-1024x683.jpeg?ssl=1&w=800&resize=800&ssl=1 800w, https:\/\/i0.wp.com\/interaccionnoticias.com.mx\/wp-content\/uploads\/2022\/11\/221118-Alejandro-Bravo-Abarca-1-1024x683.jpeg?ssl=1&w=1024&resize=1024&ssl=1 1024w, https:\/\/i0.wp.com\/interaccionnoticias.com.mx\/wp-content\/uploads\/2022\/11\/221118-Alejandro-Bravo-Abarca-1-1024x683.jpeg?ssl=1&w=1280&resize=1280&ssl=1 1280w, https:\/\/i0.wp.com\/interaccionnoticias.com.mx\/wp-content\/uploads\/2022\/11\/221118-Alejandro-Bravo-Abarca-1-1024x683.jpeg?ssl=1&w=1600&resize=1600&ssl=1 1600w\" fifu-data-src=\"https:\/\/i0.wp.com\/interaccionnoticias.com.mx\/wp-content\/uploads\/2022\/11\/221118-Alejandro-Bravo-Abarca-1-1024x683.jpeg?ssl=1\" alt=\"\" data-id=\"53534\" data-full-url=\"https:\/\/interaccionnoticias.com.mx\/wp-content\/uploads\/2022\/11\/221118-Alejandro-Bravo-Abarca-1.jpeg\" data-link=\"https:\/\/interaccionnoticias.com.mx\/?attachment_id=53534\" class=\"wp-image-53534\"\/><\/figure><\/li><li class=\"blocks-gallery-item\"><figure><img decoding=\"async\" src=\"data:image\/gif;base64,R0lGODlhAQABAIAAAAAAAP\/\/\/ywAAAAAAQABAAACAUwAOw==\" fifu-lazy=\"1\" fifu-data-sizes=\"auto\" fifu-data-srcset=\"https:\/\/i1.wp.com\/interaccionnoticias.com.mx\/wp-content\/uploads\/2022\/11\/221118-Alejandro-Bravo-Abarca-2-1024x683.jpeg?ssl=1&w=75&resize=75&ssl=1 75w, https:\/\/i1.wp.com\/interaccionnoticias.com.mx\/wp-content\/uploads\/2022\/11\/221118-Alejandro-Bravo-Abarca-2-1024x683.jpeg?ssl=1&w=100&resize=100&ssl=1 100w, https:\/\/i1.wp.com\/interaccionnoticias.com.mx\/wp-content\/uploads\/2022\/11\/221118-Alejandro-Bravo-Abarca-2-1024x683.jpeg?ssl=1&w=150&resize=150&ssl=1 150w, https:\/\/i1.wp.com\/interaccionnoticias.com.mx\/wp-content\/uploads\/2022\/11\/221118-Alejandro-Bravo-Abarca-2-1024x683.jpeg?ssl=1&w=240&resize=240&ssl=1 240w, https:\/\/i1.wp.com\/interaccionnoticias.com.mx\/wp-content\/uploads\/2022\/11\/221118-Alejandro-Bravo-Abarca-2-1024x683.jpeg?ssl=1&w=320&resize=320&ssl=1 320w, https:\/\/i1.wp.com\/interaccionnoticias.com.mx\/wp-content\/uploads\/2022\/11\/221118-Alejandro-Bravo-Abarca-2-1024x683.jpeg?ssl=1&w=500&resize=500&ssl=1 500w, https:\/\/i1.wp.com\/interaccionnoticias.com.mx\/wp-content\/uploads\/2022\/11\/221118-Alejandro-Bravo-Abarca-2-1024x683.jpeg?ssl=1&w=640&resize=640&ssl=1 640w, https:\/\/i1.wp.com\/interaccionnoticias.com.mx\/wp-content\/uploads\/2022\/11\/221118-Alejandro-Bravo-Abarca-2-1024x683.jpeg?ssl=1&w=800&resize=800&ssl=1 800w, https:\/\/i1.wp.com\/interaccionnoticias.com.mx\/wp-content\/uploads\/2022\/11\/221118-Alejandro-Bravo-Abarca-2-1024x683.jpeg?ssl=1&w=1024&resize=1024&ssl=1 1024w, https:\/\/i1.wp.com\/interaccionnoticias.com.mx\/wp-content\/uploads\/2022\/11\/221118-Alejandro-Bravo-Abarca-2-1024x683.jpeg?ssl=1&w=1280&resize=1280&ssl=1 1280w, https:\/\/i1.wp.com\/interaccionnoticias.com.mx\/wp-content\/uploads\/2022\/11\/221118-Alejandro-Bravo-Abarca-2-1024x683.jpeg?ssl=1&w=1600&resize=1600&ssl=1 1600w\" fifu-data-src=\"https:\/\/i1.wp.com\/interaccionnoticias.com.mx\/wp-content\/uploads\/2022\/11\/221118-Alejandro-Bravo-Abarca-2-1024x683.jpeg?ssl=1\" alt=\"\" data-id=\"53535\" data-full-url=\"https:\/\/interaccionnoticias.com.mx\/wp-content\/uploads\/2022\/11\/221118-Alejandro-Bravo-Abarca-2.jpeg\" data-link=\"https:\/\/interaccionnoticias.com.mx\/?attachment_id=53535\" class=\"wp-image-53535\"\/><\/figure><\/li><\/ul><\/figure>\n","protected":false},"excerpt":{"rendered":"<p>Organiza PRI conferencia magistral para jubilados y pensionados Chilpancingo a 18 de noviembre. &#8211; El presidente del Comit\u00e9 Directivo Estatal del PRI, Alejandro Bravo Abarca, y la secretaria general, Pilar&hellip; <\/p>\n","protected":false},"author":19,"featured_media":53535,"comment_status":"open","ping_status":"open","sticky":false,"template":"","format":"standard","meta":{"fifu_image_url":"","fifu_image_alt":"","footnotes":""},"categories":[18],"tags":[],"class_list":["post-53533","post","type-post","status-publish","format-standard","has-post-thumbnail","hentry","category-partidos-politicos"],"_links":{"self":[{"href":"https:\/\/www.interaccionnoticias.com.mx\/index.php?rest_route=\/wp\/v2\/posts\/53533","targetHints":{"allow":["GET"]}}],"collection":[{"href":"https:\/\/www.interaccionnoticias.com.mx\/index.php?rest_route=\/wp\/v2\/posts"}],"about":[{"href":"https:\/\/www.interaccionnoticias.com.mx\/index.php?rest_route=\/wp\/v2\/types\/post"}],"author":[{"embeddable":true,"href":"https:\/\/www.interaccionnoticias.com.mx\/index.php?rest_route=\/wp\/v2\/users\/19"}],"replies":[{"embeddable":true,"href":"https:\/\/www.interaccionnoticias.com.mx\/index.php?rest_route=%2Fwp%2Fv2%2Fcomments&post=53533"}],"version-history":[{"count":1,"href":"https:\/\/www.interaccionnoticias.com.mx\/index.php?rest_route=\/wp\/v2\/posts\/53533\/revisions"}],"predecessor-version":[{"id":53536,"href":"https:\/\/www.interaccionnoticias.com.mx\/index.php?rest_route=\/wp\/v2\/posts\/53533\/revisions\/53536"}],"wp:featuredmedia":[{"embeddable":true,"href":"https:\/\/www.interaccionnoticias.com.mx\/index.php?rest_route=\/wp\/v2\/media\/53535"}],"wp:attachment":[{"href":"https:\/\/www.interaccionnoticias.com.mx\/index.php?rest_route=%2Fwp%2Fv2%2Fmedia&parent=53533"}],"wp:term":[{"taxonomy":"category","embeddable":true,"href":"https:\/\/www.interaccionnoticias.com.mx\/index.php?rest_route=%2Fwp%2Fv2%2Fcategories&post=53533"},{"taxonomy":"post_tag","embeddable":true,"href":"https:\/\/www.interaccionnoticias.com.mx\/index.php?rest_route=%2Fwp%2Fv2%2Ftags&post=53533"}],"curies":[{"name":"wp","href":"https:\/\/api.w.org\/{rel}","templated":true}]}}