{"id":5347,"date":"2017-06-13T19:49:59","date_gmt":"2017-06-14T00:49:59","guid":{"rendered":"http:\/\/www.inter-accion.com.mx\/?p=5347"},"modified":"2017-06-13T19:49:59","modified_gmt":"2017-06-14T00:49:59","slug":"no-hay-fecha-para-comparecencia-del-fiscal-general-ante-diputados","status":"publish","type":"post","link":"https:\/\/www.interaccionnoticias.com.mx\/?p=5347","title":{"rendered":"No hay fecha para comparecencia del Fiscal General ante diputados"},"content":{"rendered":"<p>La presidenta de la Junta de Coordinaci\u00f3n Pol\u00edtica (JUCOPO)&nbsp; del Congreso del estado, la priista Flor A\u00f1orve Ocampo, se\u00f1al\u00f3 que a\u00fan no hay fecha para la comparecencia del Fiscal General del Estado ante diputados locales, luego del exhorto que present\u00f3 el diputado J. Jes\u00fas Mart\u00ednez Mart\u00ednez, en la \u00faltima sesi\u00f3n del periodo de receso, el mi\u00e9rcoles pasado.<br \/>\nA\u00f1orve Ocampo se\u00f1al\u00f3 que el acuerdo ya est\u00e1 siendo analizado por la JUCOPO y se presentar\u00e1 en un momento determinado del pr\u00f3ximo periodo ordinario de sesiones que inicia el pr\u00f3ximo jueves.<br \/>\n\u201cEl jueves es la instalaci\u00f3n, y seguramente ese mismo d\u00eda tomaremos en la Junta de Coordinaci\u00f3n de cuando pudiera estar con nosotros. El jueves estar\u00edamos reuni\u00e9ndonos para determinar, y ya sacar el dictamen en la siguiente sesi\u00f3n\u201d.<br \/>\nLa legisladora local indic\u00f3 que la fecha de comparecencia ser\u00e1 discutida por los integrantes de la JUCOPO, pero aclar\u00f3 que es un hecho que se est\u00e1 preparando para que sea ante comisiones, y no ante el Pleno, como fue propuesto en el punto de acuerdo de la semana pasada.<br \/>\nEl mi\u00e9rcoles pasado, el diputado J. Jes\u00fas Mart\u00ednez ley\u00f3 un punto de acuerdo presentado por su compa\u00f1ero, Fredy Garc\u00eda Guevara, para que el Fiscal, Xavier Olea Pel\u00e1ez, se presente a comparecer ante el Congreso para que explique las acciones y estrategias implementadas por la instituci\u00f3n para garantizar el acceso a la justicia de los ciudadanos, al considerar que durante el tiempo que lleva como titular de la dependencia no ha dado resultados.<br \/>\nCuestionada sobre una posible comparecencia del Secretario de Seguridad P\u00fablica, Pedro Almaz\u00e1n Cervantes, debido a que, tanto a la Fiscal\u00eda General del Estado, como a la Secretar\u00eda de Seguridad P\u00fablica, previa petici\u00f3n de los titulares, tuvieron aumentos de presupuesto este a\u00f1o por montos del 61 y 40 por ciento, respectivamente, los \u00edndices de violencia no han disminuido, A\u00f1orve Ocampo indic\u00f3 que nadie ha hecho la propuesta.<br \/>\nEn otro tema, consider\u00f3 que es sano el desarme de grupos de autodefensa, como lo plante\u00f3 el Gobernador el pasado s\u00e1bado en Acapulco, para evitar mayores confrontaciones entre los mismos grupos.<br \/>\n\u201cConsidero que s\u00ed es sano el desarme, es importante porque finalmente tienen una funci\u00f3n que seguramente dentro de la comunidad son importantes, pero tambi\u00e9n en muchas de las ocasiones propicia que haya enfrentamientos entre ellos\u201d, indic\u00f3.<br \/>\nCuestionada sobre si el Congreso tendr\u00e1 la responsabilidad de regularizar legalmente a las autodefensas, o s\u00f3lo ser\u00e1 un tema del gobierno federal y estatal, dijo que&nbsp; s\u00ed est\u00e1n dentro de sus facultades, y quedar\u00eda establecido en la dictaminaci\u00f3n de las iniciativas para armonizar la ley 701, sin embargo, tampoco hay fecha para eso.<br \/>\n\u201cEst\u00e1 en las Comisiones y son ellas las que regulan los tiempos. Yo les recuerdo que el presidente de la Comisi\u00f3n solicit\u00f3 una ampliaci\u00f3n de plazos, sobre todo por la iniciativa que entr\u00f3 ese d\u00eda, y tambi\u00e9n porque no se ha recibido el an\u00e1lisis de los foros que realiz\u00f3 el gobierno del estado. No hay fecha\u201d,<\/p>\n","protected":false},"excerpt":{"rendered":"<p>La presidenta de la Junta de Coordinaci\u00f3n Pol\u00edtica (JUCOPO)&nbsp; del Congreso del estado, la priista Flor A\u00f1orve Ocampo, se\u00f1al\u00f3 que a\u00fan no hay fecha para la comparecencia del Fiscal General&hellip; <\/p>\n","protected":false},"author":1,"featured_media":0,"comment_status":"closed","ping_status":"closed","sticky":false,"template":"","format":"standard","meta":{"fifu_image_url":"","fifu_image_alt":"","footnotes":""},"categories":[2,8],"tags":[],"class_list":["post-5347","post","type-post","status-publish","format-standard","hentry","category-congreso","category-featured"],"_links":{"self":[{"href":"https:\/\/www.interaccionnoticias.com.mx\/index.php?rest_route=\/wp\/v2\/posts\/5347","targetHints":{"allow":["GET"]}}],"collection":[{"href":"https:\/\/www.interaccionnoticias.com.mx\/index.php?rest_route=\/wp\/v2\/posts"}],"about":[{"href":"https:\/\/www.interaccionnoticias.com.mx\/index.php?rest_route=\/wp\/v2\/types\/post"}],"author":[{"embeddable":true,"href":"https:\/\/www.interaccionnoticias.com.mx\/index.php?rest_route=\/wp\/v2\/users\/1"}],"replies":[{"embeddable":true,"href":"https:\/\/www.interaccionnoticias.com.mx\/index.php?rest_route=%2Fwp%2Fv2%2Fcomments&post=5347"}],"version-history":[{"count":0,"href":"https:\/\/www.interaccionnoticias.com.mx\/index.php?rest_route=\/wp\/v2\/posts\/5347\/revisions"}],"wp:attachment":[{"href":"https:\/\/www.interaccionnoticias.com.mx\/index.php?rest_route=%2Fwp%2Fv2%2Fmedia&parent=5347"}],"wp:term":[{"taxonomy":"category","embeddable":true,"href":"https:\/\/www.interaccionnoticias.com.mx\/index.php?rest_route=%2Fwp%2Fv2%2Fcategories&post=5347"},{"taxonomy":"post_tag","embeddable":true,"href":"https:\/\/www.interaccionnoticias.com.mx\/index.php?rest_route=%2Fwp%2Fv2%2Ftags&post=5347"}],"curies":[{"name":"wp","href":"https:\/\/api.w.org\/{rel}","templated":true}]}}