{"id":53248,"date":"2022-11-10T20:15:34","date_gmt":"2022-11-11T02:15:34","guid":{"rendered":"https:\/\/interaccionnoticias.com.mx\/?p=53248"},"modified":"2022-11-10T20:15:40","modified_gmt":"2022-11-11T02:15:40","slug":"aprueba-el-congreso-declarar-patrimonio-cultural-la-gastronomia-y-cocina-tradicional-guerrerense","status":"publish","type":"post","link":"https:\/\/www.interaccionnoticias.com.mx\/?p=53248","title":{"rendered":"APRUEBA EL CONGRESO DECLARAR PATRIMONIO CULTURAL LA GASTRONOMIA Y COCINA TRADICIONAL GUERRERENSE"},"content":{"rendered":"\n<p><strong><em>&#8212; Una iniciativa presentada por el Grupo Parlamentario del PRI para impulsar la riqueza cultural, dar promoci\u00f3n tur\u00edstica y generar econom\u00eda al estado.<\/em><\/strong><\/p>\n\n\n\n<p>El pleno del Congreso del Estado aprob\u00f3 por unanimidad declarar a la Gastronom\u00eda Guerrerense en lo general y a la Cocina Tradicional de Guerrero en lo especifico como Patrimonio Cultural Tangible e Intangible del Estado de Guerrero, iniciativa presentada por el Grupo Parlamentario del PRI.<\/p>\n\n\n\n<p>En la sesi\u00f3n de hoy, el diputado Jes\u00fas Parra Garc\u00eda, integrante de la Comisi\u00f3n de Cultura, dio lectura al dictamen turnado a la misma despu\u00e9s de haber sido presentada por el GPPRI en pleno, para su an\u00e1lisis y discusi\u00f3n, determinando procedente tal ley, al tener como finalidad implementar el reconocimiento y la riqueza culinaria del estado de Guerrero.<\/p>\n\n\n\n<p>En tribuna, Parra Garc\u00eda precis\u00f3 que el Congreso del Estado tiene el deber de proteger y preservar el patrimonio cultural, as\u00ed como de fomentar el desarrollo cultural, comprometi\u00e9ndose, adem\u00e1s, a dise\u00f1ar e instrumentar pol\u00edticas asertivas y pertinentes que permitan proteger, reconocer y preservar los haberes y sabores, las t\u00e9cnicas y conocimientos de las mujeres y hombres que forman parte del ciclo gastron\u00f3mico de Guerrero.<\/p>\n\n\n\n<p>Por lo anterior, dijo que la comisi\u00f3n dictaminadora determin\u00f3 procedente dicha iniciativa presentada por la fracci\u00f3n tricolor, que ha buscado impulsar la riqueza natural y cultural de nuestro Estado y ubicar a Guerrero como destino tur\u00edstico de clase mundial.<\/p>\n\n\n\n<p>Entre otras vertientes, la iniciativa determina instituir el d\u00eda 15 de octubre como el d\u00eda de la Cocina Tradicional de Guerrero, fecha en la que habr\u00e1 de celebrarse a la Gastronom\u00eda del Estado de Guerrero, as\u00ed como crear e instituir el Encuentro de Cocineras Tradicionales de Guerrero a celebrarse el mismo d\u00eda 15 de octubre, en el marco de la erecci\u00f3n del Estado de Guerrero, al mismo tiempo se otorgar\u00e1 el Premio de rescate y tradici\u00f3n de la Cocina Tradicional de Guerrero en sus diferentes categor\u00edas.<\/p>\n\n\n\n<p>Parra Garc\u00eda dijo que la declaratoria estar\u00e1 protegida por los ordenamientos y leyes del Estado de Guerrero y deber\u00e1 ser considerada en el presupuesto de egresos del Gobierno del Estado de Guerrero v\u00eda Secretaria de Cultura.<\/p>\n\n\n\n<p>\u201cEsta comisi\u00f3n dictaminadora considera procedente la aprobaci\u00f3n del presente decreto, puesto que, este poder legislativo tiene la obligaci\u00f3n de realizar todas las acciones y medidas tendientes a conservar y proteger el patrimonio cultural con una vinculaci\u00f3n m\u00e1s eficaz entre la cultura y la promoci\u00f3n tur\u00edstica que detone el empleo y el desarrollo de cada regi\u00f3n que integra el Estado de Guerrero\u201d, dijo.<\/p>\n\n\n\n<p>Agreg\u00f3 que dicha declaratoria representa un avance significativo para reconocer los diversos platillos t\u00edpicos del Estado, con valor y representaci\u00f3n cultural, ya que la cocina tradicional de Guerrero cuenta con caracter\u00edsticas inigualables.<\/p>\n\n\n\n<p>La declaratoria fue aprobada por unanimidad del pleno, y contempla que el Congreso del Estado mediante la Comisi\u00f3n de Educaci\u00f3n y Cultura, el Gobierno del Estado de Guerrero mediante la Secretaria de Cultura y la Secretaria de Desarrollo Econ\u00f3mico y los ayuntamientos vinculantes, promover\u00e1n el reconocimiento de esta declaratoria a nivel nacional y en su caso internacional.<\/p>\n\n\n\n<figure class=\"wp-block-gallery columns-2 is-cropped wp-block-gallery-1 is-layout-flex wp-block-gallery-is-layout-flex\"><ul class=\"blocks-gallery-grid\"><li class=\"blocks-gallery-item\"><figure><img decoding=\"async\" src=\"data:image\/gif;base64,R0lGODlhAQABAIAAAAAAAP\/\/\/ywAAAAAAQABAAACAUwAOw==\" fifu-lazy=\"1\" fifu-data-sizes=\"auto\" fifu-data-srcset=\"https:\/\/i3.wp.com\/interaccionnoticias.com.mx\/wp-content\/uploads\/2022\/11\/221110-Jesus-Parra-Garcia-1024x682.jpeg?ssl=1&w=75&resize=75&ssl=1 75w, https:\/\/i3.wp.com\/interaccionnoticias.com.mx\/wp-content\/uploads\/2022\/11\/221110-Jesus-Parra-Garcia-1024x682.jpeg?ssl=1&w=100&resize=100&ssl=1 100w, https:\/\/i3.wp.com\/interaccionnoticias.com.mx\/wp-content\/uploads\/2022\/11\/221110-Jesus-Parra-Garcia-1024x682.jpeg?ssl=1&w=150&resize=150&ssl=1 150w, https:\/\/i3.wp.com\/interaccionnoticias.com.mx\/wp-content\/uploads\/2022\/11\/221110-Jesus-Parra-Garcia-1024x682.jpeg?ssl=1&w=240&resize=240&ssl=1 240w, https:\/\/i3.wp.com\/interaccionnoticias.com.mx\/wp-content\/uploads\/2022\/11\/221110-Jesus-Parra-Garcia-1024x682.jpeg?ssl=1&w=320&resize=320&ssl=1 320w, https:\/\/i3.wp.com\/interaccionnoticias.com.mx\/wp-content\/uploads\/2022\/11\/221110-Jesus-Parra-Garcia-1024x682.jpeg?ssl=1&w=500&resize=500&ssl=1 500w, https:\/\/i3.wp.com\/interaccionnoticias.com.mx\/wp-content\/uploads\/2022\/11\/221110-Jesus-Parra-Garcia-1024x682.jpeg?ssl=1&w=640&resize=640&ssl=1 640w, https:\/\/i3.wp.com\/interaccionnoticias.com.mx\/wp-content\/uploads\/2022\/11\/221110-Jesus-Parra-Garcia-1024x682.jpeg?ssl=1&w=800&resize=800&ssl=1 800w, https:\/\/i3.wp.com\/interaccionnoticias.com.mx\/wp-content\/uploads\/2022\/11\/221110-Jesus-Parra-Garcia-1024x682.jpeg?ssl=1&w=1024&resize=1024&ssl=1 1024w, https:\/\/i3.wp.com\/interaccionnoticias.com.mx\/wp-content\/uploads\/2022\/11\/221110-Jesus-Parra-Garcia-1024x682.jpeg?ssl=1&w=1280&resize=1280&ssl=1 1280w, https:\/\/i3.wp.com\/interaccionnoticias.com.mx\/wp-content\/uploads\/2022\/11\/221110-Jesus-Parra-Garcia-1024x682.jpeg?ssl=1&w=1600&resize=1600&ssl=1 1600w\" fifu-data-src=\"https:\/\/i3.wp.com\/interaccionnoticias.com.mx\/wp-content\/uploads\/2022\/11\/221110-Jesus-Parra-Garcia-1024x682.jpeg?ssl=1\" alt=\"\" data-id=\"53249\" data-full-url=\"https:\/\/interaccionnoticias.com.mx\/wp-content\/uploads\/2022\/11\/221110-Jesus-Parra-Garcia.jpeg\" data-link=\"https:\/\/interaccionnoticias.com.mx\/?attachment_id=53249\" class=\"wp-image-53249\"\/><\/figure><\/li><li class=\"blocks-gallery-item\"><figure><img decoding=\"async\" src=\"data:image\/gif;base64,R0lGODlhAQABAIAAAAAAAP\/\/\/ywAAAAAAQABAAACAUwAOw==\" fifu-lazy=\"1\" fifu-data-sizes=\"auto\" fifu-data-srcset=\"https:\/\/i0.wp.com\/interaccionnoticias.com.mx\/wp-content\/uploads\/2022\/11\/221110-riqueza-cultural-1024x682.jpeg?ssl=1&w=75&resize=75&ssl=1 75w, https:\/\/i0.wp.com\/interaccionnoticias.com.mx\/wp-content\/uploads\/2022\/11\/221110-riqueza-cultural-1024x682.jpeg?ssl=1&w=100&resize=100&ssl=1 100w, https:\/\/i0.wp.com\/interaccionnoticias.com.mx\/wp-content\/uploads\/2022\/11\/221110-riqueza-cultural-1024x682.jpeg?ssl=1&w=150&resize=150&ssl=1 150w, https:\/\/i0.wp.com\/interaccionnoticias.com.mx\/wp-content\/uploads\/2022\/11\/221110-riqueza-cultural-1024x682.jpeg?ssl=1&w=240&resize=240&ssl=1 240w, https:\/\/i0.wp.com\/interaccionnoticias.com.mx\/wp-content\/uploads\/2022\/11\/221110-riqueza-cultural-1024x682.jpeg?ssl=1&w=320&resize=320&ssl=1 320w, https:\/\/i0.wp.com\/interaccionnoticias.com.mx\/wp-content\/uploads\/2022\/11\/221110-riqueza-cultural-1024x682.jpeg?ssl=1&w=500&resize=500&ssl=1 500w, https:\/\/i0.wp.com\/interaccionnoticias.com.mx\/wp-content\/uploads\/2022\/11\/221110-riqueza-cultural-1024x682.jpeg?ssl=1&w=640&resize=640&ssl=1 640w, https:\/\/i0.wp.com\/interaccionnoticias.com.mx\/wp-content\/uploads\/2022\/11\/221110-riqueza-cultural-1024x682.jpeg?ssl=1&w=800&resize=800&ssl=1 800w, https:\/\/i0.wp.com\/interaccionnoticias.com.mx\/wp-content\/uploads\/2022\/11\/221110-riqueza-cultural-1024x682.jpeg?ssl=1&w=1024&resize=1024&ssl=1 1024w, https:\/\/i0.wp.com\/interaccionnoticias.com.mx\/wp-content\/uploads\/2022\/11\/221110-riqueza-cultural-1024x682.jpeg?ssl=1&w=1280&resize=1280&ssl=1 1280w, https:\/\/i0.wp.com\/interaccionnoticias.com.mx\/wp-content\/uploads\/2022\/11\/221110-riqueza-cultural-1024x682.jpeg?ssl=1&w=1600&resize=1600&ssl=1 1600w\" fifu-data-src=\"https:\/\/i0.wp.com\/interaccionnoticias.com.mx\/wp-content\/uploads\/2022\/11\/221110-riqueza-cultural-1024x682.jpeg?ssl=1\" alt=\"\" data-id=\"53250\" data-full-url=\"https:\/\/interaccionnoticias.com.mx\/wp-content\/uploads\/2022\/11\/221110-riqueza-cultural.jpeg\" data-link=\"https:\/\/interaccionnoticias.com.mx\/?attachment_id=53250\" class=\"wp-image-53250\"\/><\/figure><\/li><\/ul><\/figure>\n","protected":false},"excerpt":{"rendered":"<p>&#8212; Una iniciativa presentada por el Grupo Parlamentario del PRI para impulsar la riqueza cultural, dar promoci\u00f3n tur\u00edstica y generar econom\u00eda al estado. El pleno del Congreso del Estado aprob\u00f3&hellip; <\/p>\n","protected":false},"author":19,"featured_media":53249,"comment_status":"open","ping_status":"open","sticky":false,"template":"","format":"standard","meta":{"fifu_image_url":"","fifu_image_alt":"","footnotes":""},"categories":[2],"tags":[],"class_list":["post-53248","post","type-post","status-publish","format-standard","has-post-thumbnail","hentry","category-congreso"],"_links":{"self":[{"href":"https:\/\/www.interaccionnoticias.com.mx\/index.php?rest_route=\/wp\/v2\/posts\/53248","targetHints":{"allow":["GET"]}}],"collection":[{"href":"https:\/\/www.interaccionnoticias.com.mx\/index.php?rest_route=\/wp\/v2\/posts"}],"about":[{"href":"https:\/\/www.interaccionnoticias.com.mx\/index.php?rest_route=\/wp\/v2\/types\/post"}],"author":[{"embeddable":true,"href":"https:\/\/www.interaccionnoticias.com.mx\/index.php?rest_route=\/wp\/v2\/users\/19"}],"replies":[{"embeddable":true,"href":"https:\/\/www.interaccionnoticias.com.mx\/index.php?rest_route=%2Fwp%2Fv2%2Fcomments&post=53248"}],"version-history":[{"count":1,"href":"https:\/\/www.interaccionnoticias.com.mx\/index.php?rest_route=\/wp\/v2\/posts\/53248\/revisions"}],"predecessor-version":[{"id":53251,"href":"https:\/\/www.interaccionnoticias.com.mx\/index.php?rest_route=\/wp\/v2\/posts\/53248\/revisions\/53251"}],"wp:featuredmedia":[{"embeddable":true,"href":"https:\/\/www.interaccionnoticias.com.mx\/index.php?rest_route=\/wp\/v2\/media\/53249"}],"wp:attachment":[{"href":"https:\/\/www.interaccionnoticias.com.mx\/index.php?rest_route=%2Fwp%2Fv2%2Fmedia&parent=53248"}],"wp:term":[{"taxonomy":"category","embeddable":true,"href":"https:\/\/www.interaccionnoticias.com.mx\/index.php?rest_route=%2Fwp%2Fv2%2Fcategories&post=53248"},{"taxonomy":"post_tag","embeddable":true,"href":"https:\/\/www.interaccionnoticias.com.mx\/index.php?rest_route=%2Fwp%2Fv2%2Ftags&post=53248"}],"curies":[{"name":"wp","href":"https:\/\/api.w.org\/{rel}","templated":true}]}}