{"id":53245,"date":"2022-11-10T19:40:12","date_gmt":"2022-11-11T01:40:12","guid":{"rendered":"https:\/\/interaccionnoticias.com.mx\/?p=53245"},"modified":"2022-11-10T19:40:17","modified_gmt":"2022-11-11T01:40:17","slug":"se-reunio-alondra-garcia-lucatero-encargada-de-despacho-de-la-semai-con-consules-de-la-embajada-de-estados-unidos-en-mexico","status":"publish","type":"post","link":"https:\/\/www.interaccionnoticias.com.mx\/?p=53245","title":{"rendered":"Se reuni\u00f3 Alondra Garc\u00eda Lucatero, encargada de despacho de la SEMAI, con c\u00f3nsules de la embajada de Estados Unidos en M\u00e9xico"},"content":{"rendered":"\n<p><strong>Ciudad de M\u00e9xico, 10 de noviembre de 2022.-<\/strong> La encargada de despacho de la Secretar\u00eda de Migrantes y Asuntos Internacionales (SEMAI), Alondra Garc\u00eda Lucatero, sostuvo un encuentro con el C\u00f3nsul General Scott M. Renner, y la C\u00f3nsul Sara P\u00e9rez, en la que abordaron temas en beneficio de los migrantes y sus familias.<\/p>\n\n\n\n<p>En este encuentro, que se llev\u00f3 a cabo en la embajada de Estados Unidos de Am\u00e9rica en M\u00e9xico, la funcionaria estatal agradeci\u00f3 la atenci\u00f3n brindada para el estado de Guerrero, que con su apoyo podr\u00e1n establecer un mecanismo para favorecer a los migrantes y sus familias en torno al seguro social americano.<\/p>\n\n\n\n<p>Asimismo, destac\u00f3 que este acercamiento, permiti\u00f3 concertar una l\u00ednea de comunicaci\u00f3n entre autoridades de ambas nacionalidades, que permitir\u00e1 implementar un proyecto que regule la contrataci\u00f3n de trabajadores agr\u00edcolas temporales guerrerenses en la uni\u00f3n americana.<\/p>\n\n\n\n<p>En este encuentro, se acord\u00f3 dar prioridad al procedimiento de documentaci\u00f3n de guerrerenses nacidos en los Estados Unidos de Am\u00e9rica, a fin de que obtengan la doble nacionalidad y se les pueda expedir pasaportes y actas de nacimiento estadounidenses.<\/p>\n\n\n\n<p>Por \u00faltimo, se defini\u00f3 que pr\u00f3ximamente se celebrar\u00e1 una reuni\u00f3n para el personal de la SEMAI y enlaces municipales de atenci\u00f3n a migrantes, con objeto de que personal consular de EUA les brinde asesor\u00eda sobre los servicios binacionales que ofrece el gobierno de ese pa\u00eds, en pro de los migrantes guerrerenses y sus familias.<\/p>\n\n\n\n<p>En esta reuni\u00f3n de trabajo, participaron tambi\u00e9n por parte de la SEMAI, el director de Vinculaci\u00f3n con Organismos internacionales, Daniel Agis Eslava, y el director de Atenci\u00f3n a Migrantes Internacionales, Rub\u00e9n Ramos Mu\u00f1oz.<\/p>\n","protected":false},"excerpt":{"rendered":"<p>Ciudad de M\u00e9xico, 10 de noviembre de 2022.- La encargada de despacho de la Secretar\u00eda de Migrantes y Asuntos Internacionales (SEMAI), Alondra Garc\u00eda Lucatero, sostuvo un encuentro con el C\u00f3nsul&hellip; <\/p>\n","protected":false},"author":19,"featured_media":53246,"comment_status":"open","ping_status":"open","sticky":false,"template":"","format":"standard","meta":{"fifu_image_url":"","fifu_image_alt":"","footnotes":""},"categories":[11],"tags":[],"class_list":["post-53245","post","type-post","status-publish","format-standard","has-post-thumbnail","hentry","category-guerrero"],"_links":{"self":[{"href":"https:\/\/www.interaccionnoticias.com.mx\/index.php?rest_route=\/wp\/v2\/posts\/53245","targetHints":{"allow":["GET"]}}],"collection":[{"href":"https:\/\/www.interaccionnoticias.com.mx\/index.php?rest_route=\/wp\/v2\/posts"}],"about":[{"href":"https:\/\/www.interaccionnoticias.com.mx\/index.php?rest_route=\/wp\/v2\/types\/post"}],"author":[{"embeddable":true,"href":"https:\/\/www.interaccionnoticias.com.mx\/index.php?rest_route=\/wp\/v2\/users\/19"}],"replies":[{"embeddable":true,"href":"https:\/\/www.interaccionnoticias.com.mx\/index.php?rest_route=%2Fwp%2Fv2%2Fcomments&post=53245"}],"version-history":[{"count":1,"href":"https:\/\/www.interaccionnoticias.com.mx\/index.php?rest_route=\/wp\/v2\/posts\/53245\/revisions"}],"predecessor-version":[{"id":53247,"href":"https:\/\/www.interaccionnoticias.com.mx\/index.php?rest_route=\/wp\/v2\/posts\/53245\/revisions\/53247"}],"wp:featuredmedia":[{"embeddable":true,"href":"https:\/\/www.interaccionnoticias.com.mx\/index.php?rest_route=\/wp\/v2\/media\/53246"}],"wp:attachment":[{"href":"https:\/\/www.interaccionnoticias.com.mx\/index.php?rest_route=%2Fwp%2Fv2%2Fmedia&parent=53245"}],"wp:term":[{"taxonomy":"category","embeddable":true,"href":"https:\/\/www.interaccionnoticias.com.mx\/index.php?rest_route=%2Fwp%2Fv2%2Fcategories&post=53245"},{"taxonomy":"post_tag","embeddable":true,"href":"https:\/\/www.interaccionnoticias.com.mx\/index.php?rest_route=%2Fwp%2Fv2%2Ftags&post=53245"}],"curies":[{"name":"wp","href":"https:\/\/api.w.org\/{rel}","templated":true}]}}