{"id":53237,"date":"2022-11-10T19:25:04","date_gmt":"2022-11-11T01:25:04","guid":{"rendered":"https:\/\/interaccionnoticias.com.mx\/?p=53237"},"modified":"2022-11-10T19:25:08","modified_gmt":"2022-11-11T01:25:08","slug":"solo-10-jovenes-pasaron-las-visorias-de-avispones","status":"publish","type":"post","link":"https:\/\/www.interaccionnoticias.com.mx\/?p=53237","title":{"rendered":"Solo 10 j\u00f3venes pasaron las visorias de Avispones"},"content":{"rendered":"\n<p><strong><em>&#8212; Ser\u00e1 hasta el mes de enero cuando se de a conocer a los que se integraran al primer equipo de Segunda Divisi\u00f3n.<br>&#8212; Esta podr\u00eda ser la primera ocasi\u00f3n en que un nacionalizado, de origen colombiano, forme parte del club<\/em><\/strong><\/p>\n\n\n\n<p><strong>Dassaev T\u00e9llez Adame<\/strong><\/p>\n\n\n\n<p><strong>Chilpancingo, 10 de noviembre. &#8211; <\/strong>Culminan las visorias del club Avispones de Chilpancingo, fueron cerca de 50 j\u00f3venes los que acudieron a buscar un espacio en este club de Segunda Divisi\u00f3n, pero solo 10 pasaron las pruebas y 5 ser\u00e1n los escogidos por el cuerpo t\u00e9cnico del club.<\/p>\n\n\n\n<p>Hasta el momento, los que ya forman parte del primer equipo del club, no tienen su lugar asegurado y podr\u00edan ser remplazados en la pretemporada, debido al bajo rendimiento que tuvieron durante las \u00faltimas jornadas del torneo de Apertura 2022.<\/p>\n\n\n\n<p>Durante cuatro d\u00edas, los j\u00f3venes provenientes de distintas partes del estado y el continente, nacidos entre los a\u00f1os 1998 y 2002, se concentraron en la cancha \u2018David Josu\u00e9 Evangelista\u2019 del Polideportivo de Chilpancingo, para mostrar sus cualidades y aptitudes dentro del campo de juego.<\/p>\n\n\n\n<p>Hasta el momento, son 5 las bajas que se han registrado en el equipo, pero el t\u00e9cnico, Arturo Ju\u00e1rez Molina, al t\u00e9rmino de las visorias hablo con jugadores y aspirantes, \u201cnadie tiene su lugar asegurado, hasta los que ya est\u00e1n en el equipo, puedo dar m\u00e1s bajas porque tengo hasta una semana antes de que inicie el torneo para registrar a mis jugadores\u201d.<\/p>\n\n\n\n<p>Por el momento, los directivos no han proporcionado los nombres de la selecci\u00f3n previa que ha hecho de jugadores, porque esta podr\u00eda no ser la correcta, solo adelantaron que un joven nacionalizado mexicano y de origen colombiana, podr\u00eda formar parte del equipo.<\/p>\n\n\n\n<p>Pero son al menos 10 j\u00f3venes a los que han citado para finales del presente mes, dado que las pr\u00f3ximas dos semanas son de vacaciones, para regresar a los entrenamientos y jugar una pretemporada de al menos 7 partidos antes de que inicie el torneo de Clausura de la temporada 2022-2023.<\/p>\n\n\n\n<p>Para el cuadro de los Avispones, el arranque del torneo lo realizar\u00e1 en casa cuando reciba a los Pioneros de Canc\u00fan F. C., el d\u00eda s\u00e1bado 7 de enero en el estadio conocido como \u2018El Panal m\u00e1s grande de M\u00e9xico\u2019, en el Polideportivo de Chilpancingo.<\/p>\n","protected":false},"excerpt":{"rendered":"<p>&#8212; Ser\u00e1 hasta el mes de enero cuando se de a conocer a los que se integraran al primer equipo de Segunda Divisi\u00f3n.&#8212; Esta podr\u00eda ser la primera ocasi\u00f3n en&hellip; <\/p>\n","protected":false},"author":9,"featured_media":53238,"comment_status":"open","ping_status":"open","sticky":false,"template":"","format":"standard","meta":{"fifu_image_url":"","fifu_image_alt":"","footnotes":""},"categories":[243],"tags":[],"class_list":["post-53237","post","type-post","status-publish","format-standard","has-post-thumbnail","hentry","category-deportes"],"_links":{"self":[{"href":"https:\/\/www.interaccionnoticias.com.mx\/index.php?rest_route=\/wp\/v2\/posts\/53237","targetHints":{"allow":["GET"]}}],"collection":[{"href":"https:\/\/www.interaccionnoticias.com.mx\/index.php?rest_route=\/wp\/v2\/posts"}],"about":[{"href":"https:\/\/www.interaccionnoticias.com.mx\/index.php?rest_route=\/wp\/v2\/types\/post"}],"author":[{"embeddable":true,"href":"https:\/\/www.interaccionnoticias.com.mx\/index.php?rest_route=\/wp\/v2\/users\/9"}],"replies":[{"embeddable":true,"href":"https:\/\/www.interaccionnoticias.com.mx\/index.php?rest_route=%2Fwp%2Fv2%2Fcomments&post=53237"}],"version-history":[{"count":1,"href":"https:\/\/www.interaccionnoticias.com.mx\/index.php?rest_route=\/wp\/v2\/posts\/53237\/revisions"}],"predecessor-version":[{"id":53239,"href":"https:\/\/www.interaccionnoticias.com.mx\/index.php?rest_route=\/wp\/v2\/posts\/53237\/revisions\/53239"}],"wp:featuredmedia":[{"embeddable":true,"href":"https:\/\/www.interaccionnoticias.com.mx\/index.php?rest_route=\/wp\/v2\/media\/53238"}],"wp:attachment":[{"href":"https:\/\/www.interaccionnoticias.com.mx\/index.php?rest_route=%2Fwp%2Fv2%2Fmedia&parent=53237"}],"wp:term":[{"taxonomy":"category","embeddable":true,"href":"https:\/\/www.interaccionnoticias.com.mx\/index.php?rest_route=%2Fwp%2Fv2%2Fcategories&post=53237"},{"taxonomy":"post_tag","embeddable":true,"href":"https:\/\/www.interaccionnoticias.com.mx\/index.php?rest_route=%2Fwp%2Fv2%2Ftags&post=53237"}],"curies":[{"name":"wp","href":"https:\/\/api.w.org\/{rel}","templated":true}]}}