{"id":53229,"date":"2022-11-10T19:09:19","date_gmt":"2022-11-11T01:09:19","guid":{"rendered":"https:\/\/interaccionnoticias.com.mx\/?p=53229"},"modified":"2022-11-10T19:09:24","modified_gmt":"2022-11-11T01:09:24","slug":"prd-guerrero-informa-que-el-ex-diputado-federal-victor-aguirre-alcaide-ya-no-es-militante-activo","status":"publish","type":"post","link":"https:\/\/www.interaccionnoticias.com.mx\/?p=53229","title":{"rendered":"PRD-Guerrero informa que el ex diputado federal, V\u00edctor Aguirre Alcaide ya no es militante activo"},"content":{"rendered":"\n<p><strong><em>&#8212; El deslinde, \u201cpara evitar malos entendidos\u201d<\/em><\/strong><\/p>\n\n\n\n<p><strong>Rogelio Agust\u00edn<\/strong><\/p>\n\n\n\n<p>La dirigencia estatal del Partido de la Revoluci\u00f3n Democr\u00e1tica (PRD) confirm\u00f3 que el ex diputado federal, ex regidor y ex secretario general en Guerrero, V\u00edctor Aguirre Alcaide ha dejado de militar en las filas de dicho instituto pol\u00edtico.<\/p>\n\n\n\n<p>V\u00eda comunicado, la dirigencia estatal del partido del sol azteca reconoci\u00f3 que Aguirre Alcaide tuvo un aporte importante para dicho instituto pol\u00edtica durante los a\u00f1os en que form\u00f3 parte del mismo, pero se\u00f1alan que tambi\u00e9n recibi\u00f3 varias oportunidades de crecimiento pol\u00edtico.<\/p>\n\n\n\n<p>\u201cNos manifestamos respetuosos de las decisiones de quien ahora emprende nuevos proyectos pol\u00edticos en otro derrotero\u201d, refiere el Comit\u00e9 Ejecutivo Estatal (CEE), presidido por Alberto Catal\u00e1n Bastida.<\/p>\n\n\n\n<p>La determinaci\u00f3n de dar a conocer la no pertenencia de Aguirre Alcaide, tiene la intenci\u00f3n de \u201cevitar cualquier malentendido de nuestra militancia y el p\u00fablico en general\u201d.<\/p>\n\n\n\n<p>Se anota: \u201cEl PRD es un partido fuerte, con una militancia leal a los principios y valores de izquierda. Siempre dispuesto a construir la unidad desde nuestras bases y liderazgos regionales. Llenos de optimismo y mirando hacia los procesos electorales que se avecinan\u201d.<\/p>\n","protected":false},"excerpt":{"rendered":"<p>&#8212; El deslinde, \u201cpara evitar malos entendidos\u201d Rogelio Agust\u00edn La dirigencia estatal del Partido de la Revoluci\u00f3n Democr\u00e1tica (PRD) confirm\u00f3 que el ex diputado federal, ex regidor y ex secretario&hellip; <\/p>\n","protected":false},"author":21,"featured_media":42532,"comment_status":"open","ping_status":"open","sticky":false,"template":"","format":"standard","meta":{"fifu_image_url":"","fifu_image_alt":"","footnotes":""},"categories":[18],"tags":[],"class_list":["post-53229","post","type-post","status-publish","format-standard","has-post-thumbnail","hentry","category-partidos-politicos"],"_links":{"self":[{"href":"https:\/\/www.interaccionnoticias.com.mx\/index.php?rest_route=\/wp\/v2\/posts\/53229","targetHints":{"allow":["GET"]}}],"collection":[{"href":"https:\/\/www.interaccionnoticias.com.mx\/index.php?rest_route=\/wp\/v2\/posts"}],"about":[{"href":"https:\/\/www.interaccionnoticias.com.mx\/index.php?rest_route=\/wp\/v2\/types\/post"}],"author":[{"embeddable":true,"href":"https:\/\/www.interaccionnoticias.com.mx\/index.php?rest_route=\/wp\/v2\/users\/21"}],"replies":[{"embeddable":true,"href":"https:\/\/www.interaccionnoticias.com.mx\/index.php?rest_route=%2Fwp%2Fv2%2Fcomments&post=53229"}],"version-history":[{"count":1,"href":"https:\/\/www.interaccionnoticias.com.mx\/index.php?rest_route=\/wp\/v2\/posts\/53229\/revisions"}],"predecessor-version":[{"id":53230,"href":"https:\/\/www.interaccionnoticias.com.mx\/index.php?rest_route=\/wp\/v2\/posts\/53229\/revisions\/53230"}],"wp:featuredmedia":[{"embeddable":true,"href":"https:\/\/www.interaccionnoticias.com.mx\/index.php?rest_route=\/wp\/v2\/media\/42532"}],"wp:attachment":[{"href":"https:\/\/www.interaccionnoticias.com.mx\/index.php?rest_route=%2Fwp%2Fv2%2Fmedia&parent=53229"}],"wp:term":[{"taxonomy":"category","embeddable":true,"href":"https:\/\/www.interaccionnoticias.com.mx\/index.php?rest_route=%2Fwp%2Fv2%2Fcategories&post=53229"},{"taxonomy":"post_tag","embeddable":true,"href":"https:\/\/www.interaccionnoticias.com.mx\/index.php?rest_route=%2Fwp%2Fv2%2Ftags&post=53229"}],"curies":[{"name":"wp","href":"https:\/\/api.w.org\/{rel}","templated":true}]}}