{"id":53221,"date":"2022-11-10T17:34:41","date_gmt":"2022-11-10T23:34:41","guid":{"rendered":"https:\/\/interaccionnoticias.com.mx\/?p=53221"},"modified":"2022-11-10T17:34:45","modified_gmt":"2022-11-10T23:34:45","slug":"aprobar-la-reforma-electoral-es-poner-en-manos-del-gobierno-la-organizacion-de-las-elecciones","status":"publish","type":"post","link":"https:\/\/www.interaccionnoticias.com.mx\/?p=53221","title":{"rendered":"Aprobar la reforma electoral es poner en manos del gobierno la organizaci\u00f3n de las elecciones"},"content":{"rendered":"\n<p><strong>Rosario Garc\u00eda Orozco<\/strong><\/p>\n\n\n\n<p><strong>Chilpancingo, Gro., 10 de noviembre del 2022.- <\/strong>De aprobarse la reforma electoral que propone el presidente Andr\u00e9s Manuel L\u00f3pez Obrador, quedar\u00eda en manos del gobierno la organizaci\u00f3n de las elecciones, <strong>consider\u00f3 el ex candidato a la gubernatura por la coalici\u00f3n PRI-PRD, Mario Moreno Arcos.<\/strong><\/p>\n\n\n\n<p>Dijo que se corre el riesgo de que el gobierno federal \u00abtenga el control absoluto para decidir qui\u00e9nes ser\u00e1n los candidatos y despu\u00e9s quienes ser\u00e1n gobierno, pero ya no va a ser el pueblo, ya no vamos a ser nosotros, ya no va a ser el instrumento nuestra credencial para votar con fotograf\u00eda la que va a poner o quitar gobernantes\u201d.<\/p>\n\n\n\n<p>Dijo que esa propuesta, con este marco, es una reforma \u00abretr\u00f3grada\u00bb que en nada beneficia al pa\u00eds.<\/p>\n\n\n\n<p>Se\u00f1al\u00f3 que en el discurso, el Ejecutivo Federal asegura que ser\u00e1 el \u201cpueblo\u201d quien elija a los consejeros electorales, \u201cas\u00ed de entrada de botepronto no suena mal\u201d, no obstante ha habido elecciones, durante esta administraci\u00f3n que de transparente no han tenido nada, y eso que a\u00fan no se aprueba la Reforma\u00bb.<\/p>\n\n\n\n<p>Hizo alusi\u00f3n a la intensi\u00f3n del gobierno federal de desaparecer las diputaciones locales y federales plurinominales, \u201cyo estoy de acuerdo en parte, pero en este momento no debe moverse ni una coma a la normativa electoral, creo que no es el momento\u201d.<\/p>\n\n\n\n<p>Moreno Arcos se\u00f1al\u00f3 que el tema ha polarizado la sociedad, por lo que consider\u00f3 que lo m\u00e1s sano es retirar esa propuesta, y posteriormente en un encuentro con los partidos pol\u00edticos se pueda dar una discusi\u00f3n con los representantes de partidos, para analizar lo que contiene dicha reforma.<\/p>\n\n\n\n<p>Moreno Arcos, por el contrario, sostuvo que es necesario \u201crobustecer\u201d la democracia en el pa\u00eds pero sin una reforma como la que se plantea.<\/p>\n\n\n\n<p>Explic\u00f3 que su partido (el PRI), no acompa\u00f1ar\u00e1 la propuesta presidencial de reforma electoral, y la idea, es que se conforme una \u201cgran alianza\u201d entre PRI, PAN, PRD, MC en las c\u00e1maras tanto de diputados como de senadores, y se atrase la reforma.<\/p>\n\n\n\n<p>\u201cEse es el compromiso que han hecho los legisladores del PRI, que yo espero que no les hagan manita de puerco que es lo que est\u00e1 acostumbrado este gobierno y los quiera llevar a un votaci\u00f3n enga\u00f1osa y puedan entrar algunas reformas\u201d.<\/p>\n\n\n\n<p>Record\u00f3 que en la d\u00e9cada de los 70s, cuando el PRI ten\u00eda la hegemon\u00eda partidista en el pa\u00eds, ten\u00eda en control absoluto de las elecciones y era quien decid\u00eda que candidatos iban, \u201csi el PRI te palomeada autom\u00e1ticamente ya eras el diputado o el gobernador, o el presidente\u201d y ahora con esta reforma se pretende regresar a esa misma circunstancia, insisti\u00f3.<\/p>\n\n\n\n<p>Record\u00f3 que hoy en d\u00eda est\u00e1n impulsando esa iniciativa personajes que en su momento mantuvieron el control de las elecciones como el actual director de la Comision Federal de Electricidad, Manuel Bartlet, autor de la frase de \u201cse cay\u00f3 el sistema\u201d, por lo que no se puede dijo regresar al partido \u00fanico, cuya etapa se pensaba hab\u00eda terminado.<\/p>\n","protected":false},"excerpt":{"rendered":"<p>Rosario Garc\u00eda Orozco Chilpancingo, Gro., 10 de noviembre del 2022.- De aprobarse la reforma electoral que propone el presidente Andr\u00e9s Manuel L\u00f3pez Obrador, quedar\u00eda en manos del gobierno la organizaci\u00f3n&hellip; <\/p>\n","protected":false},"author":14,"featured_media":53222,"comment_status":"open","ping_status":"open","sticky":false,"template":"","format":"standard","meta":{"fifu_image_url":"","fifu_image_alt":"","footnotes":""},"categories":[21],"tags":[],"class_list":["post-53221","post","type-post","status-publish","format-standard","has-post-thumbnail","hentry","category-politica"],"_links":{"self":[{"href":"https:\/\/www.interaccionnoticias.com.mx\/index.php?rest_route=\/wp\/v2\/posts\/53221","targetHints":{"allow":["GET"]}}],"collection":[{"href":"https:\/\/www.interaccionnoticias.com.mx\/index.php?rest_route=\/wp\/v2\/posts"}],"about":[{"href":"https:\/\/www.interaccionnoticias.com.mx\/index.php?rest_route=\/wp\/v2\/types\/post"}],"author":[{"embeddable":true,"href":"https:\/\/www.interaccionnoticias.com.mx\/index.php?rest_route=\/wp\/v2\/users\/14"}],"replies":[{"embeddable":true,"href":"https:\/\/www.interaccionnoticias.com.mx\/index.php?rest_route=%2Fwp%2Fv2%2Fcomments&post=53221"}],"version-history":[{"count":1,"href":"https:\/\/www.interaccionnoticias.com.mx\/index.php?rest_route=\/wp\/v2\/posts\/53221\/revisions"}],"predecessor-version":[{"id":53223,"href":"https:\/\/www.interaccionnoticias.com.mx\/index.php?rest_route=\/wp\/v2\/posts\/53221\/revisions\/53223"}],"wp:featuredmedia":[{"embeddable":true,"href":"https:\/\/www.interaccionnoticias.com.mx\/index.php?rest_route=\/wp\/v2\/media\/53222"}],"wp:attachment":[{"href":"https:\/\/www.interaccionnoticias.com.mx\/index.php?rest_route=%2Fwp%2Fv2%2Fmedia&parent=53221"}],"wp:term":[{"taxonomy":"category","embeddable":true,"href":"https:\/\/www.interaccionnoticias.com.mx\/index.php?rest_route=%2Fwp%2Fv2%2Fcategories&post=53221"},{"taxonomy":"post_tag","embeddable":true,"href":"https:\/\/www.interaccionnoticias.com.mx\/index.php?rest_route=%2Fwp%2Fv2%2Ftags&post=53221"}],"curies":[{"name":"wp","href":"https:\/\/api.w.org\/{rel}","templated":true}]}}