{"id":53215,"date":"2022-11-10T17:28:39","date_gmt":"2022-11-10T23:28:39","guid":{"rendered":"https:\/\/interaccionnoticias.com.mx\/?p=53215"},"modified":"2022-11-10T17:28:45","modified_gmt":"2022-11-10T23:28:45","slug":"arribaran-400-efectivos-del-quinto-regimiento-de-la-sedena","status":"publish","type":"post","link":"https:\/\/www.interaccionnoticias.com.mx\/?p=53215","title":{"rendered":"Arribar\u00e1n 400 efectivos del Quinto Regimiento de la Sedena"},"content":{"rendered":"\n<p><em>&#8212; Acapulco, es un municipio de atenci\u00f3n prioritaria, asegura<br>&#8212; Hacen un llamado a la ciudadan\u00eda para que participe y denuncie<\/em><\/p>\n\n\n\n<p><strong>Javier Trujillo<\/strong><\/p>\n\n\n\n<p><strong>Acapulco, Gro. \u2013 <\/strong>El puerto de Acapulco, est\u00e1 dentro de los municipios de atenci\u00f3n prioritaria para el gobierno federal, por lo que se desplegaron 400 efectivos del Quinto Regimiento Mecanizado.<\/p>\n\n\n\n<p>De acuerdo con la SEDENA, este jueves arribaron 400 soldados, pertenecientes al Quinto Regimiento Mecanizado, con lo que suman mil 300 elementos de las fuerzas federales en este destino tur\u00edstico.<\/p>\n\n\n\n<p>Se detalla que adem\u00e1s de los 200 efectivos militares, m\u00e1s tarde, arribaran otro grupo de 200 paracaidistas y otras \u00e1reas, con la finalidad de remplazar a los 500 integrantes de la Guardia Nacional.<\/p>\n\n\n\n<p>\u201cEl objetivo de llegar a Acapulco, al mando de 200 elementos, es coadyuvar con la estrategia del estado mexicano, y brindar atenci\u00f3n prioritaria a los municipios, en este caso el puerto de Acapulco.<\/p>\n\n\n\n<p>\u201cLa situaci\u00f3n de Acapulco, por instrucciones del gobierno federal, est\u00e1 comprendido dentro de los municipios de atenci\u00f3n prioritaria. Por ello se programan este tipo de operaciones fuera del mando territorial\u201d, dijo en entrevista con MILENIO, el teniente coronel Edmundo Rom\u00e1n N\u00fa\u00f1ez Gonz\u00e1lez, comandante del quinto regimiento mecanizado de la SEDENA.<\/p>\n\n\n\n<p>Las fuerzas militares, arribaron a bordo de 14 camionetas de la Secretar\u00eda de la Defensa Nacional, por la Autopista del Sol y realizaron un recorrido por la franja tur\u00edstica de la Costera Miguel Alem\u00e1n.<\/p>\n\n\n\n<p>N\u00fa\u00f1ez Gonz\u00e1lez, hizo un llamado a la ciudadan\u00eda para que tome conciencia en el sentido que la seguridad es tarea de todos y sobre todo por el bienestar de los habitantes de esta municipalidad.<\/p>\n\n\n\n<p>\u201cQue tengan la conciencia de que toda esta tarea es por el bienestar de los ciudadanos, y por lo mismo, esta es una labor en conjunto, por lo tanto, es importante la denuncia para poder tener mayores elementos (contra los presuntos delincuentes) y as\u00ed poder actuar de manera m\u00e1s efectiva\u201d, se\u00f1al\u00f3.<\/p>\n\n\n\n<p>Remarc\u00f3 que el despliegue de los efectivos militares, lo tiene el mando territorial que est\u00e1 en la plaza.<\/p>\n\n\n\n<p>\u201cSe van a tomar atenci\u00f3n sobre las zonas de mayor \u00edndice delictivo para poder inhibir la incidencia delictiva\u201d, remarc\u00f3.<\/p>\n\n\n\n<div class=\"wp-block-jetpack-slideshow aligncenter\" data-effect=\"slide\"><div class=\"wp-block-jetpack-slideshow_container swiper-container\"><ul class=\"wp-block-jetpack-slideshow_swiper-wrapper swiper-wrapper\"><li class=\"wp-block-jetpack-slideshow_slide swiper-slide\"><figure><img decoding=\"async\" src=\"data:image\/gif;base64,R0lGODlhAQABAIAAAAAAAP\/\/\/ywAAAAAAQABAAACAUwAOw==\" fifu-lazy=\"1\" fifu-data-sizes=\"auto\" fifu-data-srcset=\"https:\/\/i2.wp.com\/interaccionnoticias.com.mx\/wp-content\/uploads\/2022\/11\/221110-Quinto-Regimiento-de-la-Sedena-1-1024x683.jpeg?ssl=1&w=75&resize=75&ssl=1 75w, https:\/\/i2.wp.com\/interaccionnoticias.com.mx\/wp-content\/uploads\/2022\/11\/221110-Quinto-Regimiento-de-la-Sedena-1-1024x683.jpeg?ssl=1&w=100&resize=100&ssl=1 100w, https:\/\/i2.wp.com\/interaccionnoticias.com.mx\/wp-content\/uploads\/2022\/11\/221110-Quinto-Regimiento-de-la-Sedena-1-1024x683.jpeg?ssl=1&w=150&resize=150&ssl=1 150w, https:\/\/i2.wp.com\/interaccionnoticias.com.mx\/wp-content\/uploads\/2022\/11\/221110-Quinto-Regimiento-de-la-Sedena-1-1024x683.jpeg?ssl=1&w=240&resize=240&ssl=1 240w, https:\/\/i2.wp.com\/interaccionnoticias.com.mx\/wp-content\/uploads\/2022\/11\/221110-Quinto-Regimiento-de-la-Sedena-1-1024x683.jpeg?ssl=1&w=320&resize=320&ssl=1 320w, https:\/\/i2.wp.com\/interaccionnoticias.com.mx\/wp-content\/uploads\/2022\/11\/221110-Quinto-Regimiento-de-la-Sedena-1-1024x683.jpeg?ssl=1&w=500&resize=500&ssl=1 500w, https:\/\/i2.wp.com\/interaccionnoticias.com.mx\/wp-content\/uploads\/2022\/11\/221110-Quinto-Regimiento-de-la-Sedena-1-1024x683.jpeg?ssl=1&w=640&resize=640&ssl=1 640w, https:\/\/i2.wp.com\/interaccionnoticias.com.mx\/wp-content\/uploads\/2022\/11\/221110-Quinto-Regimiento-de-la-Sedena-1-1024x683.jpeg?ssl=1&w=800&resize=800&ssl=1 800w, https:\/\/i2.wp.com\/interaccionnoticias.com.mx\/wp-content\/uploads\/2022\/11\/221110-Quinto-Regimiento-de-la-Sedena-1-1024x683.jpeg?ssl=1&w=1024&resize=1024&ssl=1 1024w, https:\/\/i2.wp.com\/interaccionnoticias.com.mx\/wp-content\/uploads\/2022\/11\/221110-Quinto-Regimiento-de-la-Sedena-1-1024x683.jpeg?ssl=1&w=1280&resize=1280&ssl=1 1280w, https:\/\/i2.wp.com\/interaccionnoticias.com.mx\/wp-content\/uploads\/2022\/11\/221110-Quinto-Regimiento-de-la-Sedena-1-1024x683.jpeg?ssl=1&w=1600&resize=1600&ssl=1 1600w\" alt=\"\" class=\"wp-block-jetpack-slideshow_image wp-image-53216\" data-id=\"53216\" fifu-data-src=\"https:\/\/i2.wp.com\/interaccionnoticias.com.mx\/wp-content\/uploads\/2022\/11\/221110-Quinto-Regimiento-de-la-Sedena-1-1024x683.jpeg?ssl=1\"\/><\/figure><\/li><li class=\"wp-block-jetpack-slideshow_slide swiper-slide\"><figure><img decoding=\"async\" src=\"data:image\/gif;base64,R0lGODlhAQABAIAAAAAAAP\/\/\/ywAAAAAAQABAAACAUwAOw==\" fifu-lazy=\"1\" fifu-data-sizes=\"auto\" fifu-data-srcset=\"https:\/\/i3.wp.com\/interaccionnoticias.com.mx\/wp-content\/uploads\/2022\/11\/221110-Quinto-Regimiento-de-la-Sedena-2-1024x683.jpeg?ssl=1&w=75&resize=75&ssl=1 75w, https:\/\/i3.wp.com\/interaccionnoticias.com.mx\/wp-content\/uploads\/2022\/11\/221110-Quinto-Regimiento-de-la-Sedena-2-1024x683.jpeg?ssl=1&w=100&resize=100&ssl=1 100w, https:\/\/i3.wp.com\/interaccionnoticias.com.mx\/wp-content\/uploads\/2022\/11\/221110-Quinto-Regimiento-de-la-Sedena-2-1024x683.jpeg?ssl=1&w=150&resize=150&ssl=1 150w, https:\/\/i3.wp.com\/interaccionnoticias.com.mx\/wp-content\/uploads\/2022\/11\/221110-Quinto-Regimiento-de-la-Sedena-2-1024x683.jpeg?ssl=1&w=240&resize=240&ssl=1 240w, https:\/\/i3.wp.com\/interaccionnoticias.com.mx\/wp-content\/uploads\/2022\/11\/221110-Quinto-Regimiento-de-la-Sedena-2-1024x683.jpeg?ssl=1&w=320&resize=320&ssl=1 320w, https:\/\/i3.wp.com\/interaccionnoticias.com.mx\/wp-content\/uploads\/2022\/11\/221110-Quinto-Regimiento-de-la-Sedena-2-1024x683.jpeg?ssl=1&w=500&resize=500&ssl=1 500w, https:\/\/i3.wp.com\/interaccionnoticias.com.mx\/wp-content\/uploads\/2022\/11\/221110-Quinto-Regimiento-de-la-Sedena-2-1024x683.jpeg?ssl=1&w=640&resize=640&ssl=1 640w, https:\/\/i3.wp.com\/interaccionnoticias.com.mx\/wp-content\/uploads\/2022\/11\/221110-Quinto-Regimiento-de-la-Sedena-2-1024x683.jpeg?ssl=1&w=800&resize=800&ssl=1 800w, https:\/\/i3.wp.com\/interaccionnoticias.com.mx\/wp-content\/uploads\/2022\/11\/221110-Quinto-Regimiento-de-la-Sedena-2-1024x683.jpeg?ssl=1&w=1024&resize=1024&ssl=1 1024w, https:\/\/i3.wp.com\/interaccionnoticias.com.mx\/wp-content\/uploads\/2022\/11\/221110-Quinto-Regimiento-de-la-Sedena-2-1024x683.jpeg?ssl=1&w=1280&resize=1280&ssl=1 1280w, https:\/\/i3.wp.com\/interaccionnoticias.com.mx\/wp-content\/uploads\/2022\/11\/221110-Quinto-Regimiento-de-la-Sedena-2-1024x683.jpeg?ssl=1&w=1600&resize=1600&ssl=1 1600w\" alt=\"\" class=\"wp-block-jetpack-slideshow_image wp-image-53217\" data-id=\"53217\" fifu-data-src=\"https:\/\/i3.wp.com\/interaccionnoticias.com.mx\/wp-content\/uploads\/2022\/11\/221110-Quinto-Regimiento-de-la-Sedena-2-1024x683.jpeg?ssl=1\"\/><\/figure><\/li><li class=\"wp-block-jetpack-slideshow_slide swiper-slide\"><figure><img decoding=\"async\" src=\"data:image\/gif;base64,R0lGODlhAQABAIAAAAAAAP\/\/\/ywAAAAAAQABAAACAUwAOw==\" fifu-lazy=\"1\" fifu-data-sizes=\"auto\" fifu-data-srcset=\"https:\/\/i3.wp.com\/interaccionnoticias.com.mx\/wp-content\/uploads\/2022\/11\/221110-Quinto-Regimiento-de-la-Sedena-3-1024x683.jpeg?ssl=1&w=75&resize=75&ssl=1 75w, https:\/\/i3.wp.com\/interaccionnoticias.com.mx\/wp-content\/uploads\/2022\/11\/221110-Quinto-Regimiento-de-la-Sedena-3-1024x683.jpeg?ssl=1&w=100&resize=100&ssl=1 100w, https:\/\/i3.wp.com\/interaccionnoticias.com.mx\/wp-content\/uploads\/2022\/11\/221110-Quinto-Regimiento-de-la-Sedena-3-1024x683.jpeg?ssl=1&w=150&resize=150&ssl=1 150w, https:\/\/i3.wp.com\/interaccionnoticias.com.mx\/wp-content\/uploads\/2022\/11\/221110-Quinto-Regimiento-de-la-Sedena-3-1024x683.jpeg?ssl=1&w=240&resize=240&ssl=1 240w, https:\/\/i3.wp.com\/interaccionnoticias.com.mx\/wp-content\/uploads\/2022\/11\/221110-Quinto-Regimiento-de-la-Sedena-3-1024x683.jpeg?ssl=1&w=320&resize=320&ssl=1 320w, https:\/\/i3.wp.com\/interaccionnoticias.com.mx\/wp-content\/uploads\/2022\/11\/221110-Quinto-Regimiento-de-la-Sedena-3-1024x683.jpeg?ssl=1&w=500&resize=500&ssl=1 500w, https:\/\/i3.wp.com\/interaccionnoticias.com.mx\/wp-content\/uploads\/2022\/11\/221110-Quinto-Regimiento-de-la-Sedena-3-1024x683.jpeg?ssl=1&w=640&resize=640&ssl=1 640w, https:\/\/i3.wp.com\/interaccionnoticias.com.mx\/wp-content\/uploads\/2022\/11\/221110-Quinto-Regimiento-de-la-Sedena-3-1024x683.jpeg?ssl=1&w=800&resize=800&ssl=1 800w, https:\/\/i3.wp.com\/interaccionnoticias.com.mx\/wp-content\/uploads\/2022\/11\/221110-Quinto-Regimiento-de-la-Sedena-3-1024x683.jpeg?ssl=1&w=1024&resize=1024&ssl=1 1024w, https:\/\/i3.wp.com\/interaccionnoticias.com.mx\/wp-content\/uploads\/2022\/11\/221110-Quinto-Regimiento-de-la-Sedena-3-1024x683.jpeg?ssl=1&w=1280&resize=1280&ssl=1 1280w, https:\/\/i3.wp.com\/interaccionnoticias.com.mx\/wp-content\/uploads\/2022\/11\/221110-Quinto-Regimiento-de-la-Sedena-3-1024x683.jpeg?ssl=1&w=1600&resize=1600&ssl=1 1600w\" alt=\"\" class=\"wp-block-jetpack-slideshow_image wp-image-53218\" data-id=\"53218\" fifu-data-src=\"https:\/\/i3.wp.com\/interaccionnoticias.com.mx\/wp-content\/uploads\/2022\/11\/221110-Quinto-Regimiento-de-la-Sedena-3-1024x683.jpeg?ssl=1\"\/><\/figure><\/li><li class=\"wp-block-jetpack-slideshow_slide swiper-slide\"><figure><img decoding=\"async\" src=\"data:image\/gif;base64,R0lGODlhAQABAIAAAAAAAP\/\/\/ywAAAAAAQABAAACAUwAOw==\" fifu-lazy=\"1\" fifu-data-sizes=\"auto\" fifu-data-srcset=\"https:\/\/i1.wp.com\/interaccionnoticias.com.mx\/wp-content\/uploads\/2022\/11\/221110-Quinto-Regimiento-de-la-Sedena-4-1024x683.jpeg?ssl=1&w=75&resize=75&ssl=1 75w, https:\/\/i1.wp.com\/interaccionnoticias.com.mx\/wp-content\/uploads\/2022\/11\/221110-Quinto-Regimiento-de-la-Sedena-4-1024x683.jpeg?ssl=1&w=100&resize=100&ssl=1 100w, https:\/\/i1.wp.com\/interaccionnoticias.com.mx\/wp-content\/uploads\/2022\/11\/221110-Quinto-Regimiento-de-la-Sedena-4-1024x683.jpeg?ssl=1&w=150&resize=150&ssl=1 150w, https:\/\/i1.wp.com\/interaccionnoticias.com.mx\/wp-content\/uploads\/2022\/11\/221110-Quinto-Regimiento-de-la-Sedena-4-1024x683.jpeg?ssl=1&w=240&resize=240&ssl=1 240w, https:\/\/i1.wp.com\/interaccionnoticias.com.mx\/wp-content\/uploads\/2022\/11\/221110-Quinto-Regimiento-de-la-Sedena-4-1024x683.jpeg?ssl=1&w=320&resize=320&ssl=1 320w, https:\/\/i1.wp.com\/interaccionnoticias.com.mx\/wp-content\/uploads\/2022\/11\/221110-Quinto-Regimiento-de-la-Sedena-4-1024x683.jpeg?ssl=1&w=500&resize=500&ssl=1 500w, https:\/\/i1.wp.com\/interaccionnoticias.com.mx\/wp-content\/uploads\/2022\/11\/221110-Quinto-Regimiento-de-la-Sedena-4-1024x683.jpeg?ssl=1&w=640&resize=640&ssl=1 640w, https:\/\/i1.wp.com\/interaccionnoticias.com.mx\/wp-content\/uploads\/2022\/11\/221110-Quinto-Regimiento-de-la-Sedena-4-1024x683.jpeg?ssl=1&w=800&resize=800&ssl=1 800w, https:\/\/i1.wp.com\/interaccionnoticias.com.mx\/wp-content\/uploads\/2022\/11\/221110-Quinto-Regimiento-de-la-Sedena-4-1024x683.jpeg?ssl=1&w=1024&resize=1024&ssl=1 1024w, https:\/\/i1.wp.com\/interaccionnoticias.com.mx\/wp-content\/uploads\/2022\/11\/221110-Quinto-Regimiento-de-la-Sedena-4-1024x683.jpeg?ssl=1&w=1280&resize=1280&ssl=1 1280w, https:\/\/i1.wp.com\/interaccionnoticias.com.mx\/wp-content\/uploads\/2022\/11\/221110-Quinto-Regimiento-de-la-Sedena-4-1024x683.jpeg?ssl=1&w=1600&resize=1600&ssl=1 1600w\" alt=\"\" class=\"wp-block-jetpack-slideshow_image wp-image-53219\" data-id=\"53219\" fifu-data-src=\"https:\/\/i1.wp.com\/interaccionnoticias.com.mx\/wp-content\/uploads\/2022\/11\/221110-Quinto-Regimiento-de-la-Sedena-4-1024x683.jpeg?ssl=1\"\/><\/figure><\/li><\/ul><a class=\"wp-block-jetpack-slideshow_button-prev swiper-button-prev swiper-button-white\" role=\"button\"><\/a><a class=\"wp-block-jetpack-slideshow_button-next swiper-button-next swiper-button-white\" role=\"button\"><\/a><a aria-label=\"Pause Slideshow\" class=\"wp-block-jetpack-slideshow_button-pause\" role=\"button\"><\/a><div class=\"wp-block-jetpack-slideshow_pagination swiper-pagination swiper-pagination-white\"><\/div><\/div><\/div>\n","protected":false},"excerpt":{"rendered":"<p>&#8212; Acapulco, es un municipio de atenci\u00f3n prioritaria, asegura&#8212; Hacen un llamado a la ciudadan\u00eda para que participe y denuncie Javier Trujillo Acapulco, Gro. \u2013 El puerto de Acapulco, est\u00e1&hellip; <\/p>\n","protected":false},"author":3,"featured_media":53216,"comment_status":"open","ping_status":"open","sticky":false,"template":"","format":"standard","meta":{"fifu_image_url":"","fifu_image_alt":"","footnotes":""},"categories":[27],"tags":[],"class_list":["post-53215","post","type-post","status-publish","format-standard","has-post-thumbnail","hentry","category-seguridad-publica"],"_links":{"self":[{"href":"https:\/\/www.interaccionnoticias.com.mx\/index.php?rest_route=\/wp\/v2\/posts\/53215","targetHints":{"allow":["GET"]}}],"collection":[{"href":"https:\/\/www.interaccionnoticias.com.mx\/index.php?rest_route=\/wp\/v2\/posts"}],"about":[{"href":"https:\/\/www.interaccionnoticias.com.mx\/index.php?rest_route=\/wp\/v2\/types\/post"}],"author":[{"embeddable":true,"href":"https:\/\/www.interaccionnoticias.com.mx\/index.php?rest_route=\/wp\/v2\/users\/3"}],"replies":[{"embeddable":true,"href":"https:\/\/www.interaccionnoticias.com.mx\/index.php?rest_route=%2Fwp%2Fv2%2Fcomments&post=53215"}],"version-history":[{"count":1,"href":"https:\/\/www.interaccionnoticias.com.mx\/index.php?rest_route=\/wp\/v2\/posts\/53215\/revisions"}],"predecessor-version":[{"id":53220,"href":"https:\/\/www.interaccionnoticias.com.mx\/index.php?rest_route=\/wp\/v2\/posts\/53215\/revisions\/53220"}],"wp:featuredmedia":[{"embeddable":true,"href":"https:\/\/www.interaccionnoticias.com.mx\/index.php?rest_route=\/wp\/v2\/media\/53216"}],"wp:attachment":[{"href":"https:\/\/www.interaccionnoticias.com.mx\/index.php?rest_route=%2Fwp%2Fv2%2Fmedia&parent=53215"}],"wp:term":[{"taxonomy":"category","embeddable":true,"href":"https:\/\/www.interaccionnoticias.com.mx\/index.php?rest_route=%2Fwp%2Fv2%2Fcategories&post=53215"},{"taxonomy":"post_tag","embeddable":true,"href":"https:\/\/www.interaccionnoticias.com.mx\/index.php?rest_route=%2Fwp%2Fv2%2Ftags&post=53215"}],"curies":[{"name":"wp","href":"https:\/\/api.w.org\/{rel}","templated":true}]}}