{"id":53212,"date":"2022-11-10T17:24:28","date_gmt":"2022-11-10T23:24:28","guid":{"rendered":"https:\/\/interaccionnoticias.com.mx\/?p=53212"},"modified":"2022-11-10T17:24:33","modified_gmt":"2022-11-10T23:24:33","slug":"persiste-la-violencia-en-acapulco","status":"publish","type":"post","link":"https:\/\/www.interaccionnoticias.com.mx\/?p=53212","title":{"rendered":"Persiste la violencia en Acapulco"},"content":{"rendered":"\n<p><strong><em>&#8212; Dos hombres asesinados a balazos<\/em><\/strong><\/p>\n\n\n\n<p><strong>Javier Trujillo<\/strong><\/p>\n\n\n\n<p><strong>Acapulco, Gro. \u2013<\/strong> Dos hombres fueron asesinados a balazos en dos colonias del puerto de Acapulco, Guerrero.<\/p>\n\n\n\n<p>El primer crimen, ocurri\u00f3 durante la madrugada de este jueves, cuando un hombre iba llegando a su casa y fue asesinado a balazos, la v\u00edctima, fue identificada por sus familiares como Abel \u201cN\u201d.<\/p>\n\n\n\n<p>En el domicilio, los familiares se negaron a entregar el cad\u00e1ver de la v\u00edctima, que ten\u00eda como oficio pe\u00f3n de alba\u00f1il, quien habr\u00eda sido agredido a balazos por un comando afuera de su casa.<\/p>\n\n\n\n<p>En el domicilio donde qued\u00f3 el cad\u00e1ver, est\u00e1 ubicado entre las calles Francisco Marqu\u00e9s, Agust\u00edn Melgar, y Xicot\u00e9ncatl, en la colonia L\u00e1zaro C\u00e1rdenas, en la zona suburbana del puerto.<\/p>\n\n\n\n<p>De acuerdo con sus familiares, el asesinato se report\u00f3 a las autoridades ministeriales al filo de las 03:00 horas, la madrugada de este jueves, en la citada colonia en este destino tur\u00edstico.<\/p>\n\n\n\n<p>M\u00e1s tarde, arribaron efectivos de las Polic\u00edas Estatal y Ministerial quienes confirmaron el crimen.<\/p>\n\n\n\n<p>M\u00e1s tarde, en el fraccionamiento Las Playas, zona del Acapulco Tradicional, un hombre fue bajado de un cami\u00f3n y asesinado a balazos, quedando el cuerpo sin vida a un costado de la vialidad.<\/p>\n\n\n\n<p>Hasta el lugar arribaron las diferentes autoridades ministeriales y de seguridad p\u00fablica, para acordonar la zona y m\u00e1s tarde, tras las labores del personal de Servicios Periciales, ordenar el trasladado del cuerpo al Servicio M\u00e9dico Forense.<\/p>\n","protected":false},"excerpt":{"rendered":"<p>&#8212; Dos hombres asesinados a balazos Javier Trujillo Acapulco, Gro. \u2013 Dos hombres fueron asesinados a balazos en dos colonias del puerto de Acapulco, Guerrero. El primer crimen, ocurri\u00f3 durante&hellip; <\/p>\n","protected":false},"author":3,"featured_media":53213,"comment_status":"open","ping_status":"open","sticky":false,"template":"","format":"standard","meta":{"fifu_image_url":"","fifu_image_alt":"","footnotes":""},"categories":[27],"tags":[],"class_list":["post-53212","post","type-post","status-publish","format-standard","has-post-thumbnail","hentry","category-seguridad-publica"],"_links":{"self":[{"href":"https:\/\/www.interaccionnoticias.com.mx\/index.php?rest_route=\/wp\/v2\/posts\/53212","targetHints":{"allow":["GET"]}}],"collection":[{"href":"https:\/\/www.interaccionnoticias.com.mx\/index.php?rest_route=\/wp\/v2\/posts"}],"about":[{"href":"https:\/\/www.interaccionnoticias.com.mx\/index.php?rest_route=\/wp\/v2\/types\/post"}],"author":[{"embeddable":true,"href":"https:\/\/www.interaccionnoticias.com.mx\/index.php?rest_route=\/wp\/v2\/users\/3"}],"replies":[{"embeddable":true,"href":"https:\/\/www.interaccionnoticias.com.mx\/index.php?rest_route=%2Fwp%2Fv2%2Fcomments&post=53212"}],"version-history":[{"count":1,"href":"https:\/\/www.interaccionnoticias.com.mx\/index.php?rest_route=\/wp\/v2\/posts\/53212\/revisions"}],"predecessor-version":[{"id":53214,"href":"https:\/\/www.interaccionnoticias.com.mx\/index.php?rest_route=\/wp\/v2\/posts\/53212\/revisions\/53214"}],"wp:featuredmedia":[{"embeddable":true,"href":"https:\/\/www.interaccionnoticias.com.mx\/index.php?rest_route=\/wp\/v2\/media\/53213"}],"wp:attachment":[{"href":"https:\/\/www.interaccionnoticias.com.mx\/index.php?rest_route=%2Fwp%2Fv2%2Fmedia&parent=53212"}],"wp:term":[{"taxonomy":"category","embeddable":true,"href":"https:\/\/www.interaccionnoticias.com.mx\/index.php?rest_route=%2Fwp%2Fv2%2Fcategories&post=53212"},{"taxonomy":"post_tag","embeddable":true,"href":"https:\/\/www.interaccionnoticias.com.mx\/index.php?rest_route=%2Fwp%2Fv2%2Ftags&post=53212"}],"curies":[{"name":"wp","href":"https:\/\/api.w.org\/{rel}","templated":true}]}}