{"id":53209,"date":"2022-11-10T16:05:58","date_gmt":"2022-11-10T22:05:58","guid":{"rendered":"https:\/\/interaccionnoticias.com.mx\/?p=53209"},"modified":"2022-11-10T16:06:03","modified_gmt":"2022-11-10T22:06:03","slug":"culmina-el-movimiento-parista-en-la-fiscalia-de-guerrero","status":"publish","type":"post","link":"https:\/\/www.interaccionnoticias.com.mx\/?p=53209","title":{"rendered":"Culmina el movimiento parista en la Fiscal\u00eda de Guerrero"},"content":{"rendered":"\n<p>&#8212; Solo hubo una reinstalaci\u00f3n, de 300 despidos denunciados por los trabajadores sindicalizados<\/p>\n\n\n\n<p>Jes\u00fas Dorantes<\/p>\n\n\n\n<p>Chilpancingo, Gro, &#8211; Los trabajadores despedidos levantaron el plant\u00f3n que mantuvieron durante cuatro d\u00edas en la entrada principal de la Fiscal\u00eda General del Estado (FGE), al alcanzar acuerdos parciales con los mandos de la dependencia.<\/p>\n\n\n\n<p>Entrada la tarde del jueves 10 de noviembre, los trabajadores retiraron las lonas, pancartas y casas de campa\u00f1a que colocaron para exigir la reinstalaci\u00f3n de por lo menos 300 personas que aseguran, fueron despedidas de manera injustificadas durante la presente administraci\u00f3n.<\/p>\n\n\n\n<p>Los despedidos del \u00f3rgano encargado de perseguir los delitos en la entidad, fueron respaldados por al menos nueve dirigentes de diferentes organizaciones gremiales pertenecientes al Gobierno de Guerrero.<\/p>\n\n\n\n<p>Neyeli Hern\u00e1ndez Neri, representante sindical de los trabajadores de la FGE, dio a conocer que la lucha seguir\u00e1 por la v\u00eda jur\u00eddica, debido a que son 300 trabajadores los que han sido despedidos durante la gesti\u00f3n de la Teniente Coronel Sandra Luz Valdovinos Salmer\u00f3n.<\/p>\n\n\n\n<p>La \u00fanica reintegraci\u00f3n que se logr\u00f3, fue la de Antonieta Tolentino, quien sufro un esguince durante el retiro del plat\u00f3n el pasado mi\u00e9rcoles, misma que se encuentra a cargo de labores de limpieza.<\/p>\n\n\n\n<p>La se\u00f1ora Tolentino ser\u00e1 reincorporada, pero se aclar\u00f3 que en un \u00e1rea distinta a la FGE, pues los representantes de la instituci\u00f3n se negaron a que regresara a su centro de trabajo original.<\/p>\n\n\n\n<p>Por eso, los plantonistas manifestaron que el acuerdo alcanzado es parcial.<br><\/p>\n","protected":false},"excerpt":{"rendered":"<p>&#8212; Solo hubo una reinstalaci\u00f3n, de 300 despidos denunciados por los trabajadores sindicalizados Jes\u00fas Dorantes Chilpancingo, Gro, &#8211; Los trabajadores despedidos levantaron el plant\u00f3n que mantuvieron durante cuatro d\u00edas en&hellip; <\/p>\n","protected":false},"author":8,"featured_media":53210,"comment_status":"open","ping_status":"open","sticky":false,"template":"","format":"standard","meta":{"fifu_image_url":"","fifu_image_alt":"","footnotes":""},"categories":[11],"tags":[],"class_list":["post-53209","post","type-post","status-publish","format-standard","has-post-thumbnail","hentry","category-guerrero"],"_links":{"self":[{"href":"https:\/\/www.interaccionnoticias.com.mx\/index.php?rest_route=\/wp\/v2\/posts\/53209","targetHints":{"allow":["GET"]}}],"collection":[{"href":"https:\/\/www.interaccionnoticias.com.mx\/index.php?rest_route=\/wp\/v2\/posts"}],"about":[{"href":"https:\/\/www.interaccionnoticias.com.mx\/index.php?rest_route=\/wp\/v2\/types\/post"}],"author":[{"embeddable":true,"href":"https:\/\/www.interaccionnoticias.com.mx\/index.php?rest_route=\/wp\/v2\/users\/8"}],"replies":[{"embeddable":true,"href":"https:\/\/www.interaccionnoticias.com.mx\/index.php?rest_route=%2Fwp%2Fv2%2Fcomments&post=53209"}],"version-history":[{"count":1,"href":"https:\/\/www.interaccionnoticias.com.mx\/index.php?rest_route=\/wp\/v2\/posts\/53209\/revisions"}],"predecessor-version":[{"id":53211,"href":"https:\/\/www.interaccionnoticias.com.mx\/index.php?rest_route=\/wp\/v2\/posts\/53209\/revisions\/53211"}],"wp:featuredmedia":[{"embeddable":true,"href":"https:\/\/www.interaccionnoticias.com.mx\/index.php?rest_route=\/wp\/v2\/media\/53210"}],"wp:attachment":[{"href":"https:\/\/www.interaccionnoticias.com.mx\/index.php?rest_route=%2Fwp%2Fv2%2Fmedia&parent=53209"}],"wp:term":[{"taxonomy":"category","embeddable":true,"href":"https:\/\/www.interaccionnoticias.com.mx\/index.php?rest_route=%2Fwp%2Fv2%2Fcategories&post=53209"},{"taxonomy":"post_tag","embeddable":true,"href":"https:\/\/www.interaccionnoticias.com.mx\/index.php?rest_route=%2Fwp%2Fv2%2Ftags&post=53209"}],"curies":[{"name":"wp","href":"https:\/\/api.w.org\/{rel}","templated":true}]}}