{"id":53203,"date":"2022-11-10T14:13:50","date_gmt":"2022-11-10T20:13:50","guid":{"rendered":"https:\/\/interaccionnoticias.com.mx\/?p=53203"},"modified":"2022-11-10T14:13:54","modified_gmt":"2022-11-10T20:13:54","slug":"cierran-edificio-de-finanzas-para-reclamar-maestros-para-educacion-indigena","status":"publish","type":"post","link":"https:\/\/www.interaccionnoticias.com.mx\/?p=53203","title":{"rendered":"Cierran edificio de Finanzas para reclamar maestros para Educaci\u00f3n Ind\u00edgena"},"content":{"rendered":"\n<p><strong><em>&#8212; Hay escuelas que no han iniciado clases desde septiembre<\/em><\/strong><\/p>\n\n\n\n<p><strong>Jes\u00fas Dorantes<\/strong><\/p>\n\n\n\n<p><strong>Chilpancingo, Gro.- <\/strong>Profesores y padres de familia de escuelas ind\u00edgenas, primarias y preescolares tomaron el edificio Juan \u00c1lvarez, exigen la asignaci\u00f3n de 70 docentes para sus escuelas.<\/p>\n\n\n\n<p>La ma\u00f1ana del jueves, un grupo de manifestantes de los municipios de Chilapa, Ahuacotzingo, Zitlala, Eduardo Neri y Quechultenango, cerraron los accesos al edificio donde se ubican oficinas de la Secretar\u00eda de Finanzas.<\/p>\n\n\n\n<p>El profesor Marcelo Guillen Cruz, explic\u00f3 que son 70 profesores los que se solicitaron para las comunidades de los municipios antes mencionados, debido a que la Secretar\u00eda de Educaci\u00f3n Guerrero (SEG) no ha proporcionado la cantidad suficiente de docentes para Educaci\u00f3n Ind\u00edgena.<\/p>\n\n\n\n<p>Se\u00f1alaron que ante la falta de profesores, hay decenas de escuelas cerradas que no han iniciado clases por la falta de profesores, por lo que hicieron un llamado al secretario de Educaci\u00f3n, Marcial Rodr\u00edguez Salda\u00f1a para que ponga atenci\u00f3n al caso.<\/p>\n\n\n\n<p>Hasta el momento no se genera la interlocuci\u00f3n con funcionarios del Gobierno del Estado.<\/p>\n","protected":false},"excerpt":{"rendered":"<p>&#8212; Hay escuelas que no han iniciado clases desde septiembre Jes\u00fas Dorantes Chilpancingo, Gro.- Profesores y padres de familia de escuelas ind\u00edgenas, primarias y preescolares tomaron el edificio Juan \u00c1lvarez,&hellip; <\/p>\n","protected":false},"author":8,"featured_media":53204,"comment_status":"open","ping_status":"open","sticky":false,"template":"","format":"standard","meta":{"fifu_image_url":"","fifu_image_alt":"","footnotes":""},"categories":[6],"tags":[],"class_list":["post-53203","post","type-post","status-publish","format-standard","has-post-thumbnail","hentry","category-educacion"],"_links":{"self":[{"href":"https:\/\/www.interaccionnoticias.com.mx\/index.php?rest_route=\/wp\/v2\/posts\/53203","targetHints":{"allow":["GET"]}}],"collection":[{"href":"https:\/\/www.interaccionnoticias.com.mx\/index.php?rest_route=\/wp\/v2\/posts"}],"about":[{"href":"https:\/\/www.interaccionnoticias.com.mx\/index.php?rest_route=\/wp\/v2\/types\/post"}],"author":[{"embeddable":true,"href":"https:\/\/www.interaccionnoticias.com.mx\/index.php?rest_route=\/wp\/v2\/users\/8"}],"replies":[{"embeddable":true,"href":"https:\/\/www.interaccionnoticias.com.mx\/index.php?rest_route=%2Fwp%2Fv2%2Fcomments&post=53203"}],"version-history":[{"count":1,"href":"https:\/\/www.interaccionnoticias.com.mx\/index.php?rest_route=\/wp\/v2\/posts\/53203\/revisions"}],"predecessor-version":[{"id":53205,"href":"https:\/\/www.interaccionnoticias.com.mx\/index.php?rest_route=\/wp\/v2\/posts\/53203\/revisions\/53205"}],"wp:featuredmedia":[{"embeddable":true,"href":"https:\/\/www.interaccionnoticias.com.mx\/index.php?rest_route=\/wp\/v2\/media\/53204"}],"wp:attachment":[{"href":"https:\/\/www.interaccionnoticias.com.mx\/index.php?rest_route=%2Fwp%2Fv2%2Fmedia&parent=53203"}],"wp:term":[{"taxonomy":"category","embeddable":true,"href":"https:\/\/www.interaccionnoticias.com.mx\/index.php?rest_route=%2Fwp%2Fv2%2Fcategories&post=53203"},{"taxonomy":"post_tag","embeddable":true,"href":"https:\/\/www.interaccionnoticias.com.mx\/index.php?rest_route=%2Fwp%2Fv2%2Ftags&post=53203"}],"curies":[{"name":"wp","href":"https:\/\/api.w.org\/{rel}","templated":true}]}}