{"id":5308,"date":"2017-06-12T19:33:21","date_gmt":"2017-06-13T00:33:21","guid":{"rendered":"http:\/\/www.inter-accion.com.mx\/?p=5308"},"modified":"2017-06-12T19:33:21","modified_gmt":"2017-06-13T00:33:21","slug":"tixtla-esta-en-el-abandono-dice-el-alcalde","status":"publish","type":"post","link":"https:\/\/www.interaccionnoticias.com.mx\/?p=5308","title":{"rendered":"Tixtla est\u00e1 en el abandono, dice el alcalde"},"content":{"rendered":"<p><strong>Durante los \u00faltimos cuatro a\u00f1os, la actividad econ\u00f3mica se deterior\u00f3&nbsp;<\/strong><br \/>\nEn Tixtla, otro municipio afectado por la pugna entre \u201cRojos\u201d y \u201cArdillos\u201d, la actividad econ\u00f3mica sufri\u00f3 una ca\u00edda del 70 porciento en los \u00faltimos cuatro a\u00f1os. Aunque no hay todav\u00eda comunidades abandonadas, los campesinos perdieron parte importante de su actividad mercantil, pues por el miedo, muchos de sus antiguos consumidores ya no llegan.<br \/>\nHosse\u00edn Nabor Guillen, jefe de cabildo en Tixtla, sostiene que en dicho municipio no se ha sentido \u201cla mano amiga del gobierno federal\u201d, como s\u00ed sucede en otros lugares de la entidad.<br \/>\nDerivado del abandono en el que se encuentra, destac\u00f3 que la econom\u00eda sufri\u00f3 un declive importante, lo que puede llegar a considerarse como dram\u00e1tico.<br \/>\nDesde hace un par de a\u00f1os, la pugna entre grupos del crimen organizado ha generado temor entre los habitantes de la cabecera y sus comunidades m\u00e1s cercanas.<br \/>\nActualmente, los trabajos en materia de seguridad p\u00fablica est\u00e1n a cargo de la Polic\u00eda del Estado, la preventiva municipal y grupos de la Polic\u00eda Comunitaria, aunque aclara que cada quien act\u00faa en el marco de sus competencias.<br \/>\nA\u00fan as\u00ed, la violencia generada por los grupos delictivos que se disputan la plaza han alterado en mucho el ritmo de vida de sus habitantes, que pese a las dificultades, todos los d\u00edas hacen lo necesario para regresar a la normalidad.<br \/>\nRecord\u00f3 que Tixtla es un municipio mayoritariamente rural, gran parte de su poblaci\u00f3n se dedica a la siembra de ma\u00edz y hortalizas, lo que pod\u00edan colocar f\u00e1cilmente en su mercado local, los consumidores llegaban de diferentes ciudades; como Chilpancingo, Mochitl\u00e1n, Quechultenango y Chilapa.<br \/>\nCon el miedo, muchos consumidores no llegan y los campesinos se quedan con sus productos, lo que provoca la p\u00e9rdida del poder adquisitivo.<br \/>\nPor esa raz\u00f3n, al margen de los trabajos que urgen en materia de seguridad p\u00fablica, dijo que se necesita restablecer el tejido social en el municipio y las poblaciones aleda\u00f1as, porque es evidente que la descomposici\u00f3n social se ha recrudecido en toda la regi\u00f3n.<br \/>\nManifest\u00f3 que en varios momentos ha tratado de impulsar diversos programas del gobierno federal, pero cuando est\u00e1 por avanzar, en las dependencias cancelan todo con el argumento de que no hay condiciones para avanzar, por el problema que representa la inseguridad.<\/p>\n","protected":false},"excerpt":{"rendered":"<p>Durante los \u00faltimos cuatro a\u00f1os, la actividad econ\u00f3mica se deterior\u00f3&nbsp; En Tixtla, otro municipio afectado por la pugna entre \u201cRojos\u201d y \u201cArdillos\u201d, la actividad econ\u00f3mica sufri\u00f3 una ca\u00edda del 70&hellip; <\/p>\n","protected":false},"author":1,"featured_media":0,"comment_status":"closed","ping_status":"closed","sticky":false,"template":"","format":"standard","meta":{"fifu_image_url":"","fifu_image_alt":"","footnotes":""},"categories":[8,23],"tags":[],"class_list":["post-5308","post","type-post","status-publish","format-standard","hentry","category-featured","category-regionales"],"_links":{"self":[{"href":"https:\/\/www.interaccionnoticias.com.mx\/index.php?rest_route=\/wp\/v2\/posts\/5308","targetHints":{"allow":["GET"]}}],"collection":[{"href":"https:\/\/www.interaccionnoticias.com.mx\/index.php?rest_route=\/wp\/v2\/posts"}],"about":[{"href":"https:\/\/www.interaccionnoticias.com.mx\/index.php?rest_route=\/wp\/v2\/types\/post"}],"author":[{"embeddable":true,"href":"https:\/\/www.interaccionnoticias.com.mx\/index.php?rest_route=\/wp\/v2\/users\/1"}],"replies":[{"embeddable":true,"href":"https:\/\/www.interaccionnoticias.com.mx\/index.php?rest_route=%2Fwp%2Fv2%2Fcomments&post=5308"}],"version-history":[{"count":0,"href":"https:\/\/www.interaccionnoticias.com.mx\/index.php?rest_route=\/wp\/v2\/posts\/5308\/revisions"}],"wp:attachment":[{"href":"https:\/\/www.interaccionnoticias.com.mx\/index.php?rest_route=%2Fwp%2Fv2%2Fmedia&parent=5308"}],"wp:term":[{"taxonomy":"category","embeddable":true,"href":"https:\/\/www.interaccionnoticias.com.mx\/index.php?rest_route=%2Fwp%2Fv2%2Fcategories&post=5308"},{"taxonomy":"post_tag","embeddable":true,"href":"https:\/\/www.interaccionnoticias.com.mx\/index.php?rest_route=%2Fwp%2Fv2%2Ftags&post=5308"}],"curies":[{"name":"wp","href":"https:\/\/api.w.org\/{rel}","templated":true}]}}