{"id":53051,"date":"2022-11-07T19:13:41","date_gmt":"2022-11-08T01:13:41","guid":{"rendered":"https:\/\/interaccionnoticias.com.mx\/?p=53051"},"modified":"2022-11-07T19:13:45","modified_gmt":"2022-11-08T01:13:45","slug":"anuncia-el-ayuntamiento-capitalino-la-1a-feria-del-deporte","status":"publish","type":"post","link":"https:\/\/www.interaccionnoticias.com.mx\/?p=53051","title":{"rendered":"Anuncia el ayuntamiento capitalino la 1a. Feria del Deporte"},"content":{"rendered":"\n<p><strong><em>&#8212; Se llevar\u00e1 a cabo del 11 al 13 de noviembre<\/em><\/strong><\/p>\n\n\n\n<p><strong>Chilpancingo, Gro., 07 de noviembre de 2022. <\/strong>El ayuntamiento capitalino, a trav\u00e9s de la direcci\u00f3n de Cultura F\u00edsica y Deportes, realizar\u00e1 la Primera Feria del Deporte 2022 \u00abGral. Nicol\u00e1s Bravo\u00bb en el marco del D\u00eda Mundial de la Diabetes.<\/p>\n\n\n\n<p>Al respecto, el director de Cultura F\u00edsica y Deportes, Arturo Robledo, inform\u00f3 en conferencia de prensa que del 11 al 13 de noviembre se llevar\u00e1n a cabo diversas actividades para promover la activaci\u00f3n f\u00edsica como un elemento fundamental para el cuidado de la salud.<\/p>\n\n\n\n<p>Detall\u00f3 que la Feria del Deporte 2022 se realizar\u00e1 los d\u00edas 11, 12 y 13 de noviembre en la parte frontal del Museo Regional, donde se colocar\u00e1 una zona de stands dedicada a los temas de cultura f\u00edsica y deportes, como servicios del deporte (medicina del deporte), venta de material deportivo y tiendas nutricionales.<\/p>\n\n\n\n<p>Mencion\u00f3 que todas las escuelas deportivas, ligas y clubes participantes deber\u00e1n proporcionar informaci\u00f3n a la sociedad a trav\u00e9s de tr\u00edpticos, folletos, lonas, tarjetas o presentaciones sobre los objetivos, las aportaciones y beneficios que su deporte o disciplina tienen en la salud y cuidado personal.<\/p>\n\n\n\n<p>Inform\u00f3 que el d\u00eda 11 de noviembre se colocar\u00e1n stands de Servicios Deportivos a partir de las 7 de la ma\u00f1ana en la parte Frontal del Museo Regional, para llevar a cabo la inauguraci\u00f3n de esta feria a las 9 de la ma\u00f1ana.<\/p>\n\n\n\n<p>Por otro lado, habr\u00e1 un Ciclo de Conferencias en el auditorio Jos\u00e9 Inocente Lugo, ubicado al interior del ayuntamiento, con los temas: Nutrici\u00f3n, Fisioterapia, L\u00fadico y Motivacional, a partir de las 10 de la ma\u00f1ana.<\/p>\n\n\n\n<p>Y por la tarde, se realizar\u00e1 el Campeonato de Box Guantes de Oro, en la explanada de la Plaza C\u00edvica Primer Congreso de An\u00e1huac a las 16:00 horas.<\/p>\n\n\n\n<p>Para el d\u00eda 12 de noviembre se realizar\u00e1 una sesi\u00f3n de activaci\u00f3n f\u00edsica masiva para ni\u00f1os, adolescentes y adultos mayores de 8 a 10 de la ma\u00f1ana, en la Plaza C\u00edvica Primer Congreso de An\u00e1huac; y de 4 de la tarde a 9 de la noche ser\u00e1 el Campeonato de Lucha Libre, con la toma de protesta a la Comisi\u00f3n de Lucha Libre y toma de protesta a Ligas Municipales (Box, Artes Marciales, Voleibol).<\/p>\n\n\n\n<p>Y para concluir la Feria del Deporte, el d\u00eda 13 de noviembre se tiene programado el evento \u00abMr. Capital Nicol\u00e1s Bravo\u00bb, Campeonato de Fisicoconstructivismo, a las 4 de la tarde en la Explanada Plaza C\u00edvica Primer Congreso de An\u00e1huac.<\/p>\n\n\n\n<p>El director de Cultura F\u00edsica y Deportes reiter\u00f3 que esta feria tiene como objetivo impulsar y reactivar la econom\u00eda de las escuelas y asociaciones deportivas, especialistas de la salud y nutrici\u00f3n, as\u00ed como tiendas de art\u00edculos deportivos, adem\u00e1s de promover en la ciudadani\u0301a la cultura f\u00edsica y deportiva para una vida saludable.<\/p>\n","protected":false},"excerpt":{"rendered":"<p>&#8212; Se llevar\u00e1 a cabo del 11 al 13 de noviembre Chilpancingo, Gro., 07 de noviembre de 2022. El ayuntamiento capitalino, a trav\u00e9s de la direcci\u00f3n de Cultura F\u00edsica y&hellip; <\/p>\n","protected":false},"author":19,"featured_media":53052,"comment_status":"open","ping_status":"open","sticky":false,"template":"","format":"standard","meta":{"fifu_image_url":"","fifu_image_alt":"","footnotes":""},"categories":[13],"tags":[],"class_list":["post-53051","post","type-post","status-publish","format-standard","has-post-thumbnail","hentry","category-capital"],"_links":{"self":[{"href":"https:\/\/www.interaccionnoticias.com.mx\/index.php?rest_route=\/wp\/v2\/posts\/53051","targetHints":{"allow":["GET"]}}],"collection":[{"href":"https:\/\/www.interaccionnoticias.com.mx\/index.php?rest_route=\/wp\/v2\/posts"}],"about":[{"href":"https:\/\/www.interaccionnoticias.com.mx\/index.php?rest_route=\/wp\/v2\/types\/post"}],"author":[{"embeddable":true,"href":"https:\/\/www.interaccionnoticias.com.mx\/index.php?rest_route=\/wp\/v2\/users\/19"}],"replies":[{"embeddable":true,"href":"https:\/\/www.interaccionnoticias.com.mx\/index.php?rest_route=%2Fwp%2Fv2%2Fcomments&post=53051"}],"version-history":[{"count":1,"href":"https:\/\/www.interaccionnoticias.com.mx\/index.php?rest_route=\/wp\/v2\/posts\/53051\/revisions"}],"predecessor-version":[{"id":53053,"href":"https:\/\/www.interaccionnoticias.com.mx\/index.php?rest_route=\/wp\/v2\/posts\/53051\/revisions\/53053"}],"wp:featuredmedia":[{"embeddable":true,"href":"https:\/\/www.interaccionnoticias.com.mx\/index.php?rest_route=\/wp\/v2\/media\/53052"}],"wp:attachment":[{"href":"https:\/\/www.interaccionnoticias.com.mx\/index.php?rest_route=%2Fwp%2Fv2%2Fmedia&parent=53051"}],"wp:term":[{"taxonomy":"category","embeddable":true,"href":"https:\/\/www.interaccionnoticias.com.mx\/index.php?rest_route=%2Fwp%2Fv2%2Fcategories&post=53051"},{"taxonomy":"post_tag","embeddable":true,"href":"https:\/\/www.interaccionnoticias.com.mx\/index.php?rest_route=%2Fwp%2Fv2%2Ftags&post=53051"}],"curies":[{"name":"wp","href":"https:\/\/api.w.org\/{rel}","templated":true}]}}