{"id":52942,"date":"2022-11-06T14:31:22","date_gmt":"2022-11-06T20:31:22","guid":{"rendered":"https:\/\/interaccionnoticias.com.mx\/?p=52942"},"modified":"2022-11-06T14:31:28","modified_gmt":"2022-11-06T20:31:28","slug":"asesinan-a-tres-integrantes-del-cipog-ez-en-chilapa","status":"publish","type":"post","link":"https:\/\/www.interaccionnoticias.com.mx\/?p=52942","title":{"rendered":"Asesinan a tres integrantes del CIPOG-EZ en Chilapa"},"content":{"rendered":"\n<p><strong>&#8212; A 15 d\u00edas de su encuentro con el Presidente de la Rep\u00fablica<\/strong><\/p>\n\n\n\n<p><strong>Jes\u00fas Dorantes<\/strong><\/p>\n\n\n\n<p>Chilpancingo, Gro.- Integrantes del Consejo Ind\u00edgena y Popular de Guerrero &#8211; Emiliano Zapata (CIPOG-EZ) condenaron el asesinato de tres de sus compa\u00f1eros en el poblado de Xochimilco, d\u00f1municipio de Chilapa de \u00c1lvarez.<\/p>\n\n\n\n<p>V\u00eda comunicado, la organizaci\u00f3n report\u00f3 que los hechos se registraron desde el d\u00edas 5 de noviembre cuando perdieron contacto con ellos.<\/p>\n\n\n\n<p>Mediante un comunicado la CIPOG-EZ confirm\u00f3 la muerte de Ad\u00e1n, Guillermo y Mois\u00e9s que fueron detenidos el d\u00eda s\u00e1bado por un agente de tr\u00e1nsito de Chilapa, posteriormente una motocicleta los sigui\u00f3 y m\u00e1s tarde se perdi\u00f3 el contacto con ellos.<\/p>\n\n\n\n<p>Para las 21:30 horas de ese d\u00eda se les inform\u00f3 del hallazgo de sus cuerpos.<\/p>\n\n\n\n<p>En el texto los integrantes del CIPOG condenan que el hecho ocurriera a 15 d\u00edas de que tuviera un di\u00e1logo con el presidente Andr\u00e9s Manuel L\u00f3pez Obrador, en su \u00faltima visita a Guerrero el pasado 21 de octubre: \u201cPese a que el CIPOG-EZ tuvo un di\u00e1logo con el presidente de la rep\u00fablica, la tarde del 5 de noviembre, nuestros hermanos Ad\u00e1n, Guillermo y Mois\u00e9s fueron asesinados\u201d.<\/p>\n\n\n\n<p>Sostienen: \u201cResponsabilizamos al presidente de la Rep\u00fablica Andr\u00e9s Manuel L\u00f3pez Obrador, a la gobernadora Evelyn Salgado, al presidente municipal de Chilapa Aldy Esteban Rom\u00e1n, a las polic\u00edas estatales y municipales del estado de Guerrero. Los responsabilizamos de la muerte de nuestros hermanos\u201d.<\/p>\n","protected":false},"excerpt":{"rendered":"<p>&#8212; A 15 d\u00edas de su encuentro con el Presidente de la Rep\u00fablica Jes\u00fas Dorantes Chilpancingo, Gro.- Integrantes del Consejo Ind\u00edgena y Popular de Guerrero &#8211; Emiliano Zapata (CIPOG-EZ) condenaron&hellip; <\/p>\n","protected":false},"author":8,"featured_media":52943,"comment_status":"open","ping_status":"open","sticky":false,"template":"","format":"standard","meta":{"fifu_image_url":"","fifu_image_alt":"","footnotes":""},"categories":[27],"tags":[],"class_list":["post-52942","post","type-post","status-publish","format-standard","has-post-thumbnail","hentry","category-seguridad-publica"],"_links":{"self":[{"href":"https:\/\/www.interaccionnoticias.com.mx\/index.php?rest_route=\/wp\/v2\/posts\/52942","targetHints":{"allow":["GET"]}}],"collection":[{"href":"https:\/\/www.interaccionnoticias.com.mx\/index.php?rest_route=\/wp\/v2\/posts"}],"about":[{"href":"https:\/\/www.interaccionnoticias.com.mx\/index.php?rest_route=\/wp\/v2\/types\/post"}],"author":[{"embeddable":true,"href":"https:\/\/www.interaccionnoticias.com.mx\/index.php?rest_route=\/wp\/v2\/users\/8"}],"replies":[{"embeddable":true,"href":"https:\/\/www.interaccionnoticias.com.mx\/index.php?rest_route=%2Fwp%2Fv2%2Fcomments&post=52942"}],"version-history":[{"count":1,"href":"https:\/\/www.interaccionnoticias.com.mx\/index.php?rest_route=\/wp\/v2\/posts\/52942\/revisions"}],"predecessor-version":[{"id":52944,"href":"https:\/\/www.interaccionnoticias.com.mx\/index.php?rest_route=\/wp\/v2\/posts\/52942\/revisions\/52944"}],"wp:featuredmedia":[{"embeddable":true,"href":"https:\/\/www.interaccionnoticias.com.mx\/index.php?rest_route=\/wp\/v2\/media\/52943"}],"wp:attachment":[{"href":"https:\/\/www.interaccionnoticias.com.mx\/index.php?rest_route=%2Fwp%2Fv2%2Fmedia&parent=52942"}],"wp:term":[{"taxonomy":"category","embeddable":true,"href":"https:\/\/www.interaccionnoticias.com.mx\/index.php?rest_route=%2Fwp%2Fv2%2Fcategories&post=52942"},{"taxonomy":"post_tag","embeddable":true,"href":"https:\/\/www.interaccionnoticias.com.mx\/index.php?rest_route=%2Fwp%2Fv2%2Ftags&post=52942"}],"curies":[{"name":"wp","href":"https:\/\/api.w.org\/{rel}","templated":true}]}}