{"id":52899,"date":"2022-11-04T18:01:53","date_gmt":"2022-11-05T00:01:53","guid":{"rendered":"https:\/\/interaccionnoticias.com.mx\/?p=52899"},"modified":"2022-11-04T18:01:59","modified_gmt":"2022-11-05T00:01:59","slug":"fondo-para-fortalecer-a-las-policias-estatales-y-municipales-se-creara-hasta-2023","status":"publish","type":"post","link":"https:\/\/www.interaccionnoticias.com.mx\/?p=52899","title":{"rendered":"Fondo para fortalecer a las polic\u00edas estatales y municipales se crear\u00e1 hasta 2023"},"content":{"rendered":"\n<p><strong><em>&#8212; No se discutir\u00e1 en el presupuesto de egreso 2023, se integrar\u00e1 con recursos ubicados por la UIF y la Procuradur\u00eda Fiscal, se consideran 27 mil millones de pesos en el inicio de su operaci\u00f3n<br>&#8212; La Tesorer\u00eda de la federaci\u00f3n, se encargar\u00e1 de dispersar los recursos correspondientes, se\u00f1ala el secretario de Gobernaci\u00f3n, Ad\u00e1n Augusto L\u00f3pez ante el Congreso local<br>&#8212; Denle la mano a Guerrero, pide coordinador parlamentario del PRI, al fijar postura<br>&#8212; Nadie se opone a respaldar la minuta del Congreso de la Uni\u00f3n<\/em><\/strong><\/p>\n\n\n\n<p><strong>Rogelio Agust\u00edn<\/strong><\/p>\n\n\n\n<p>Ante la pregunta directa del coordinador de los diputados locales del PRI, H\u00e9ctor Apreza Patr\u00f3n, respecto a s\u00ed Guerrero est\u00e1 considerado para la distribuci\u00f3n de recursos destinados a fortalecer a las polic\u00edas estatales y municipales, el secretario de Gobernaci\u00f3n, Ad\u00e1n Augusto L\u00f3pez Hern\u00e1ndez respondi\u00f3 que no, ya que dicho fondo se crear\u00e1 hasta el pr\u00f3ximo a\u00f1o 2023, no est\u00e1 considerado en la discusi\u00f3n del Presupuesto de Egresos de la Federaci\u00f3n.<\/p>\n\n\n\n<p>En la visita que el titular de la SEGOB realiz\u00f3 al Congreso de Guerrero, se plante\u00f3 al tema de la seguridad publica como una prioridad para el estado y el pa\u00eds, de ah\u00ed que tras escuchar al funcionario, cada uno de las fracciones parlamentarias y representaciones de partido fijaron la postura correspondiente, sin que alguien anticipara un voto en contra de la minuta enviada por el Congreso de la Uni\u00f3n.<\/p>\n\n\n\n<p>As\u00ed, la diputada del PT, Leticia Mosso Hern\u00e1ndez anunci\u00f3 publicamente que votar\u00e1 a favor y en el mismo sentido se pronunci\u00f3 el representante del PVEM, Manuel Qui\u00f1onez Cort\u00e9s.<\/p>\n\n\n\n<p><strong>Dejen de repartir culpas<\/strong><\/p>\n\n\n\n<p>Aunque el coordinador de los diputados del PRD, Raymundo Garc\u00eda Guti\u00e9rrez reproch\u00f3 que durante los cuatro a\u00f1os de administraci\u00f3n federal, el gobierno del presidente Andr\u00e9s Manuel L\u00f3pez Obrador la ha pasado culpando de las noticias adversas a quienes le antecedieron en el poder, al final se\u00f1al\u00f3 que los diputados del sol azteca tambi\u00e9n van a respaldar la minuta.<\/p>\n\n\n\n<p>\u201cDurante los 4 a\u00f1os de la actual administraci\u00f3n, la inseguridad y la violencia en M\u00e9xico se han disparado a cifras muy altas, debido a la mala estrategia planteada por el gabinete seguridad federal, argument\u00f3\u201d.<\/p>\n\n\n\n<p>En este sentido, refiri\u00f3 que la Encuesta Nacional de Seguridad Urbana reporta en el segundo trimestre del 2022, el 72.9 por ciento de las mujeres y 69.9 por ciento de los hombres consideraron que vivir en su ciudad es inseguro.<\/p>\n\n\n\n<p>Aclar\u00f3 que estas cifras no son un problema de percepci\u00f3n, si no decesos brutales, como brutal es la violencia: al 19 de agosto de 2022 suma 127,162 muertes violentas en lo que va de este gobierno, aunado a la suman de 44,124 personas desaparecidas en el actual sexenio.<\/p>\n\n\n\n<p>Record\u00f3 que en los Lineamientos de Operaci\u00f3n en el apartado 8, del Plan Nacional de Paz y Seguridad 2018-2024, se establece que la prevenci\u00f3n ser\u00e1 uno de los ejes estrat\u00e9gicos de la seguridad p\u00fablica y ser\u00e1 prioridad la recuperaci\u00f3n de los espacios p\u00fablicos.<\/p>\n\n\n\n<p>Garc\u00eda Guti\u00e9rrez record\u00f3 que el presidente L\u00f3pez Obrador, al presentar el Plan Nacional de Seguridad, se comprometi\u00f3 a que el 80 por ciento de sus acciones se orientar\u00e1n en atender las causas que originan la inseguridad y la violencia, pero Guerrero fue excluido de los grandes megaproyectos de desarrollo para el sur del pa\u00eds, ya que \u00e9stos llegaron solamente hasta Oaxaca.<\/p>\n\n\n\n<p>\u201cLleve estas reflexiones y sea portavoz de nuestro estado ante el gabinete federal, para que los presupuestos de desarrollo econ\u00f3mico bajen a esta entidad suriana, porque ser oposici\u00f3n, no implica un negacionismo a ultranza\u201d, solicit\u00f3 el ex alcalde de Acatepec.<\/p>\n\n\n\n<p><strong>\u00bfSe marginar\u00e1 a Guerrero de la bolsa bipartita?<\/strong><\/p>\n\n\n\n<p>Sin comprometer desde ahora el sentido del voto de sus compa\u00f1eros, el coordinador de la bancada del PRI, H\u00e9ctor Apreza Patr\u00f3n anticip\u00f3 que llegado el momento actuar\u00e1n con responsabilidad y en un ejercicio de reflexi\u00f3n.<\/p>\n\n\n\n<p>Precis\u00f3 que la seguridad y la justicia no se dejan sentir solo con el cambio de un partido en el Gobierno, aunque s\u00ed destac\u00f3 el hecho de que el deseo com\u00fan de todos es alcanzar la paz.<\/p>\n\n\n\n<p>Record\u00f3 que en muchos momentos de la historia, lo que sucede en Guerrero tiene una repercusi\u00f3n en todo el pa\u00eds y m\u00e1s a\u00fan, se\u00f1al\u00f3 que esta entidad han ca\u00eddo gobiernos estatales por diferentes circunstancias.<\/p>\n\n\n\n<p>Entre otras cosas, el diputado Apreza refiri\u00f3 que la bancada del tricolor nunca ha actuado con mezquindad, lo que ha permitido que diversos asuntos que le interesan al gobierno en turno puedan salir adelante.<\/p>\n\n\n\n<p>Abord\u00f3 lo relacionado con la creaci\u00f3n de un fondo bipartita, que es el que permitir\u00e1 operar el sentido de la minuta aprobada por el Congreso de la Uni\u00f3n, mismo que tiene como finalidad respaldar a las polic\u00edas estatales y municipales.<\/p>\n\n\n\n<p>Es ah\u00ed donde se dirigi\u00f3 al funcionario para plantear en tribuna un cuestionamiento, cuya respuesta tom\u00f3 por sorpresa a muchos de los presentes.<\/p>\n\n\n\n<p>\u00bfQu\u00e9 va a pasar con el fondo que se construye de manera bipartita para estados como Guerrero? \u00bfVamos a quedar fuera?<\/p>\n\n\n\n<p>Antes de abandonar la tribuna, el ex alcalde de Olinal\u00e1 se dirigi\u00f3 al titular de Segob para hacer un planteamiento que pretendi\u00f3 arrancar una reacci\u00f3n condescendiente: \u201ctiendan la mano amiga a un estado suriano como Guerrero\u201d.<\/p>\n\n\n\n<p>De hecho, en un acto de reconocimiento del trabajo que realiza la gobernadora Evelyn Salgado Pineda, Apreza record\u00f3 que en materia de seguridad p\u00fablica, en 2015 Guerrero estaba en los \u00faltimos lugares, en 2021 estaba en la posici\u00f3n numero 10 y para 2022 ya se le ubica en el lugar n\u00famero 8.<\/p>\n\n\n\n<p>Anticip\u00f3 que el voto del PRI en torno a la minuta ser\u00e1 responsable, de conciencia y tratando de acompa\u00f1ar el inter\u00e9s com\u00fan que es la seguridad de todos.<\/p>\n\n\n\n<p><strong>Decir que s\u00ed es mentir<\/strong><\/p>\n\n\n\n<p>Una vez que se escucharon las intervenciones de los diputados, el secretario de Gobernaci\u00f3n tuvo el espacio para responder a varias de las inquietudes planteadas en tribuna.<\/p>\n\n\n\n<p>\u201cMe pregunta el diputado H\u00e9ctor Apreza si est\u00e1 (Guerrero) considerado en el presupuesto 2023 para participar de os recursos del fondo del que se habla\u201d, abri\u00f3 la respuesta L\u00f3pez Hern\u00e1ndez.<\/p>\n\n\n\n<p>Y explic\u00f3: \u201cCon toda franqueza les dir\u00eda que no est\u00e1 contemplado en el presupuesto de egresos \u00bfpor qu\u00e9? Porque estos recursos provendr\u00e1n o se crear\u00e1 el fondo el a\u00f1o pr\u00f3ximo con recursos que han sido detectados por la Unidad de Inteligencia Financiera, por la Procuradur\u00eda Fiscal o la Comisi\u00f3n Bancaria de Valores, como<\/p>\n\n\n\n<p>recursos que est\u00e1n en cuentas congeladas, porque est\u00e1n relacionadas con actividades il\u00edcitas\u201d.<\/p>\n\n\n\n<p>En ese contexto, destac\u00f3 que ya en la C\u00e1mara de Diputados Federales ya se hizo una reforma a la Ley de Instituciones Financieras que ahora va a discutirse en el Senado.<\/p>\n\n\n\n<p>Los recursos que integrar\u00e1n la bolsa a la que hace alusi\u00f3n el diputado Apreza, ascender\u00e1n a 27 mil millones de pesos, que se toman como la cantidad de origen y las reglas de operaci\u00f3n indican que la Tesorer\u00eda de la Federaci\u00f3n dispondr\u00e1 de como se utilizar\u00e1n.<\/p>\n\n\n\n<p>El 45 por ciento de ese dinero ser\u00e1 para las fuerzas armadas, para aplicarse en tareas de seguridad publica; el 30 porciento para los estados y el 25 porciento restante va dirigido a los municipios, con la condici\u00f3n de que se aplique en el reclutamiento y la formaci\u00f3n del personal civil, que poco a poco desplazar\u00e1 a las fuerzas armadas en materia de Seguridad P\u00fablica.<\/p>\n\n\n\n<p>Y remarc\u00f3: \u201cSer\u00eda mentir, decir ahora que ya est\u00e1 contemplado en el presupuesto de egresos, no est\u00e1 contemplado, porque son recursos que ya sabemos donde est\u00e1n y se est\u00e1 comenzando el procedimiento legislativo para que puedan de manera expedita ingresar a las arcas de la federaci\u00f3n para que proceda a repartirlos\u201d.<\/p>\n\n\n\n<figure class=\"wp-block-gallery columns-2 is-cropped wp-block-gallery-1 is-layout-flex wp-block-gallery-is-layout-flex\"><ul class=\"blocks-gallery-grid\"><li class=\"blocks-gallery-item\"><figure><img decoding=\"async\" src=\"data:image\/gif;base64,R0lGODlhAQABAIAAAAAAAP\/\/\/ywAAAAAAQABAAACAUwAOw==\" fifu-lazy=\"1\" fifu-data-sizes=\"auto\" fifu-data-srcset=\"https:\/\/i3.wp.com\/interaccionnoticias.com.mx\/wp-content\/uploads\/2022\/11\/221104-Hector-Apreza-Patron-1-1024x683.jpeg?ssl=1&w=75&resize=75&ssl=1 75w, https:\/\/i3.wp.com\/interaccionnoticias.com.mx\/wp-content\/uploads\/2022\/11\/221104-Hector-Apreza-Patron-1-1024x683.jpeg?ssl=1&w=100&resize=100&ssl=1 100w, https:\/\/i3.wp.com\/interaccionnoticias.com.mx\/wp-content\/uploads\/2022\/11\/221104-Hector-Apreza-Patron-1-1024x683.jpeg?ssl=1&w=150&resize=150&ssl=1 150w, https:\/\/i3.wp.com\/interaccionnoticias.com.mx\/wp-content\/uploads\/2022\/11\/221104-Hector-Apreza-Patron-1-1024x683.jpeg?ssl=1&w=240&resize=240&ssl=1 240w, https:\/\/i3.wp.com\/interaccionnoticias.com.mx\/wp-content\/uploads\/2022\/11\/221104-Hector-Apreza-Patron-1-1024x683.jpeg?ssl=1&w=320&resize=320&ssl=1 320w, https:\/\/i3.wp.com\/interaccionnoticias.com.mx\/wp-content\/uploads\/2022\/11\/221104-Hector-Apreza-Patron-1-1024x683.jpeg?ssl=1&w=500&resize=500&ssl=1 500w, https:\/\/i3.wp.com\/interaccionnoticias.com.mx\/wp-content\/uploads\/2022\/11\/221104-Hector-Apreza-Patron-1-1024x683.jpeg?ssl=1&w=640&resize=640&ssl=1 640w, https:\/\/i3.wp.com\/interaccionnoticias.com.mx\/wp-content\/uploads\/2022\/11\/221104-Hector-Apreza-Patron-1-1024x683.jpeg?ssl=1&w=800&resize=800&ssl=1 800w, https:\/\/i3.wp.com\/interaccionnoticias.com.mx\/wp-content\/uploads\/2022\/11\/221104-Hector-Apreza-Patron-1-1024x683.jpeg?ssl=1&w=1024&resize=1024&ssl=1 1024w, https:\/\/i3.wp.com\/interaccionnoticias.com.mx\/wp-content\/uploads\/2022\/11\/221104-Hector-Apreza-Patron-1-1024x683.jpeg?ssl=1&w=1280&resize=1280&ssl=1 1280w, https:\/\/i3.wp.com\/interaccionnoticias.com.mx\/wp-content\/uploads\/2022\/11\/221104-Hector-Apreza-Patron-1-1024x683.jpeg?ssl=1&w=1600&resize=1600&ssl=1 1600w\" fifu-data-src=\"https:\/\/i3.wp.com\/interaccionnoticias.com.mx\/wp-content\/uploads\/2022\/11\/221104-Hector-Apreza-Patron-1-1024x683.jpeg?ssl=1\" alt=\"\" data-id=\"52900\" data-full-url=\"https:\/\/interaccionnoticias.com.mx\/wp-content\/uploads\/2022\/11\/221104-Hector-Apreza-Patron-1.jpeg\" data-link=\"https:\/\/interaccionnoticias.com.mx\/?attachment_id=52900\" class=\"wp-image-52900\"\/><\/figure><\/li><li class=\"blocks-gallery-item\"><figure><img decoding=\"async\" src=\"data:image\/gif;base64,R0lGODlhAQABAIAAAAAAAP\/\/\/ywAAAAAAQABAAACAUwAOw==\" fifu-lazy=\"1\" fifu-data-sizes=\"auto\" fifu-data-srcset=\"https:\/\/i2.wp.com\/interaccionnoticias.com.mx\/wp-content\/uploads\/2022\/11\/221104-Hector-Apreza-Patron-2-1024x683.jpeg?ssl=1&w=75&resize=75&ssl=1 75w, https:\/\/i2.wp.com\/interaccionnoticias.com.mx\/wp-content\/uploads\/2022\/11\/221104-Hector-Apreza-Patron-2-1024x683.jpeg?ssl=1&w=100&resize=100&ssl=1 100w, https:\/\/i2.wp.com\/interaccionnoticias.com.mx\/wp-content\/uploads\/2022\/11\/221104-Hector-Apreza-Patron-2-1024x683.jpeg?ssl=1&w=150&resize=150&ssl=1 150w, https:\/\/i2.wp.com\/interaccionnoticias.com.mx\/wp-content\/uploads\/2022\/11\/221104-Hector-Apreza-Patron-2-1024x683.jpeg?ssl=1&w=240&resize=240&ssl=1 240w, https:\/\/i2.wp.com\/interaccionnoticias.com.mx\/wp-content\/uploads\/2022\/11\/221104-Hector-Apreza-Patron-2-1024x683.jpeg?ssl=1&w=320&resize=320&ssl=1 320w, https:\/\/i2.wp.com\/interaccionnoticias.com.mx\/wp-content\/uploads\/2022\/11\/221104-Hector-Apreza-Patron-2-1024x683.jpeg?ssl=1&w=500&resize=500&ssl=1 500w, https:\/\/i2.wp.com\/interaccionnoticias.com.mx\/wp-content\/uploads\/2022\/11\/221104-Hector-Apreza-Patron-2-1024x683.jpeg?ssl=1&w=640&resize=640&ssl=1 640w, https:\/\/i2.wp.com\/interaccionnoticias.com.mx\/wp-content\/uploads\/2022\/11\/221104-Hector-Apreza-Patron-2-1024x683.jpeg?ssl=1&w=800&resize=800&ssl=1 800w, https:\/\/i2.wp.com\/interaccionnoticias.com.mx\/wp-content\/uploads\/2022\/11\/221104-Hector-Apreza-Patron-2-1024x683.jpeg?ssl=1&w=1024&resize=1024&ssl=1 1024w, https:\/\/i2.wp.com\/interaccionnoticias.com.mx\/wp-content\/uploads\/2022\/11\/221104-Hector-Apreza-Patron-2-1024x683.jpeg?ssl=1&w=1280&resize=1280&ssl=1 1280w, https:\/\/i2.wp.com\/interaccionnoticias.com.mx\/wp-content\/uploads\/2022\/11\/221104-Hector-Apreza-Patron-2-1024x683.jpeg?ssl=1&w=1600&resize=1600&ssl=1 1600w\" fifu-data-src=\"https:\/\/i2.wp.com\/interaccionnoticias.com.mx\/wp-content\/uploads\/2022\/11\/221104-Hector-Apreza-Patron-2-1024x683.jpeg?ssl=1\" alt=\"\" data-id=\"52901\" data-full-url=\"https:\/\/interaccionnoticias.com.mx\/wp-content\/uploads\/2022\/11\/221104-Hector-Apreza-Patron-2.jpeg\" data-link=\"https:\/\/interaccionnoticias.com.mx\/?attachment_id=52901\" class=\"wp-image-52901\"\/><\/figure><\/li><\/ul><\/figure>\n","protected":false},"excerpt":{"rendered":"<p>&#8212; No se discutir\u00e1 en el presupuesto de egreso 2023, se integrar\u00e1 con recursos ubicados por la UIF y la Procuradur\u00eda Fiscal, se consideran 27 mil millones de pesos en&hellip; <\/p>\n","protected":false},"author":21,"featured_media":52901,"comment_status":"open","ping_status":"open","sticky":false,"template":"","format":"standard","meta":{"fifu_image_url":"","fifu_image_alt":"","footnotes":""},"categories":[2],"tags":[],"class_list":["post-52899","post","type-post","status-publish","format-standard","has-post-thumbnail","hentry","category-congreso"],"_links":{"self":[{"href":"https:\/\/www.interaccionnoticias.com.mx\/index.php?rest_route=\/wp\/v2\/posts\/52899","targetHints":{"allow":["GET"]}}],"collection":[{"href":"https:\/\/www.interaccionnoticias.com.mx\/index.php?rest_route=\/wp\/v2\/posts"}],"about":[{"href":"https:\/\/www.interaccionnoticias.com.mx\/index.php?rest_route=\/wp\/v2\/types\/post"}],"author":[{"embeddable":true,"href":"https:\/\/www.interaccionnoticias.com.mx\/index.php?rest_route=\/wp\/v2\/users\/21"}],"replies":[{"embeddable":true,"href":"https:\/\/www.interaccionnoticias.com.mx\/index.php?rest_route=%2Fwp%2Fv2%2Fcomments&post=52899"}],"version-history":[{"count":1,"href":"https:\/\/www.interaccionnoticias.com.mx\/index.php?rest_route=\/wp\/v2\/posts\/52899\/revisions"}],"predecessor-version":[{"id":52902,"href":"https:\/\/www.interaccionnoticias.com.mx\/index.php?rest_route=\/wp\/v2\/posts\/52899\/revisions\/52902"}],"wp:featuredmedia":[{"embeddable":true,"href":"https:\/\/www.interaccionnoticias.com.mx\/index.php?rest_route=\/wp\/v2\/media\/52901"}],"wp:attachment":[{"href":"https:\/\/www.interaccionnoticias.com.mx\/index.php?rest_route=%2Fwp%2Fv2%2Fmedia&parent=52899"}],"wp:term":[{"taxonomy":"category","embeddable":true,"href":"https:\/\/www.interaccionnoticias.com.mx\/index.php?rest_route=%2Fwp%2Fv2%2Fcategories&post=52899"},{"taxonomy":"post_tag","embeddable":true,"href":"https:\/\/www.interaccionnoticias.com.mx\/index.php?rest_route=%2Fwp%2Fv2%2Ftags&post=52899"}],"curies":[{"name":"wp","href":"https:\/\/api.w.org\/{rel}","templated":true}]}}