{"id":52891,"date":"2022-11-04T14:25:27","date_gmt":"2022-11-04T20:25:27","guid":{"rendered":"https:\/\/interaccionnoticias.com.mx\/?p=52891"},"modified":"2022-11-04T14:25:32","modified_gmt":"2022-11-04T20:25:32","slug":"la-noche-de-ayotzinapa-ha-quedado-atras-dice-el-secretario-de-gobernacion","status":"publish","type":"post","link":"https:\/\/www.interaccionnoticias.com.mx\/?p=52891","title":{"rendered":"\u201cLa noche de Ayotzinapa ha quedado atr\u00e1s\u201d, dice el secretario de Gobernaci\u00f3n"},"content":{"rendered":"\n<p><strong><em>&#8212; En Guerrero hay heridas que no han terminado de sanar, dice Ad\u00e1n Augusto L\u00f3pez ante el Pleno del Congreso<br>&#8212; Asegura que en M\u00e9xico hay un Ejercito moderno que ya no reprime<\/em><\/strong><\/p>\n\n\n\n<p><strong>Jes\u00fas Dorantes<\/strong><\/p>\n\n\n\n<p>Chilpancingo, Gro.- \u201cLa noche de Ayotzinapa ha quedado atr\u00e1s\u201d, dijo ante el Pleno del Congreso local el titular de la Secretar\u00eda de Gobernaci\u00f3n, Ad\u00e1n Augusto L\u00f3pez Hern\u00e1ndez, al reconocer que si bien \u201cen Guerrero existen heridas que no han terminado de sanar\u201d, ahora M\u00e9xico tiene un \u201cej\u00e9rcito moderno\u201d que no reprime.<\/p>\n\n\n\n<p>Durante su primera participaci\u00f3n ante el Poder Legislativo de Guerrero, el encargado de la pol\u00edtica interior del pa\u00eds, asegur\u00f3 que \u201cGuerrero es un estado con heridas que no han terminado de cerrar\u201d, en referencia a los excesos que ha cometido la milicia en el pasado reciente.<\/p>\n\n\n\n<p>Sin embargo, se\u00f1al\u00f3 que la Secretar\u00eda de la Defensa Nacional (Sedena) tiene un \u201cEjercito moderno\u201d, por lo que esas \u201cnoches oscuras\u201d ya comenzaron a quedar en el pasado.<\/p>\n\n\n\n<p>Y es que asegur\u00f3 que frente a lo que se dice de manera recurrente, la reforma al 5\u00ba transitorio de la Reforma que Constitucionaliz\u00f3 la participaci\u00f3n de las fuerzas armadas en tareas de seguridad p\u00fablica no implica una \u201cmiltarizaci\u00f3n\u201d.<\/p>\n\n\n\n<p>Fue en esa parte donde asegur\u00f3: \u201cLa noche de Iguala a quedado atr\u00e1s y no fue f\u00e1cil, pero seguramente abra justicia y ahora los mexicanos ya sabemos realmente qu\u00e9 sucedi\u00f3\u201d.<\/p>\n\n\n\n<p>Indic\u00f3 que en el caso particular de Guerrero, se debe reconocer que \u201ces otro ya el desempe\u00f1o de las fuerzas armadas\u201d.<\/p>\n\n\n\n<p>Por otra parte, indic\u00f3 que \u201cla brutal marginaci\u00f3n y pobreza\u201d que se padecen en la entidad, han sido caldo de cultivo para que organizaciones criminales intenten tomar como rehenes algunas regiones o al mismo estado.<\/p>\n\n\n\n<p>Sin embargo, destac\u00f3 que la entidad cuenta con el apoyo decidido del presidente de la Rep\u00fablica, Andr\u00e9s Manuel L\u00f3pez Obrador, jefe supremo de las fuerzas armadas, quien ha dado la instrucci\u00f3n a las fuerzas armadas, es la de ayudar a Guerrero para que pueda recuperar su tranquilidad y la paz social.<\/p>\n\n\n\n<p>En esa parte hizo alusi\u00f3n a los programas sociales, que se canalizan a trav\u00e9s de j\u00f3venes construyendo el futuro, ya que se trata de evitar que los muchachos caigan en las filas de las organizaciones criminales, otorg\u00e1ndoles a cambio capacitaci\u00f3n para que se puedan incorporar a la vida productiva del pa\u00eds.<\/p>\n\n\n\n<p>Habl\u00f3 tambi\u00e9n de los apoyos destinados a los adultos mayores, sembrando vida y lo referente a la entrega de fertlizante a los productores del campo,<\/p>\n\n\n\n<p>\u201cGuerrero es de lo m\u00e1s importante, si no es que lo m\u00e1s importante para el Gobierno federal, por eso es que el presidente de la Republica, todos los d\u00edas est\u00e1 pemndiente de los apoyos que se dan a esta entidad\u201d, anot\u00f3.<\/p>\n\n\n\n<p>Bajo dicha circunstancia, el responsable de la pol\u00edtica interior en el pa\u00eds, reconoci\u00f3 el apoyo que los diputados federales de Guerrero le dieron a la iniciativa que fue presentada por una diputada federal del PRI.<\/p>\n\n\n\n<p>En el caso de Guerrero, mencion\u00f3 hasta en un par de ocasiones el impulso que dio a la propuesta el senador priista Manuel A\u00f1orve Ba\u00f1os, ya que admiti\u00f3 que en la C\u00e1mara alta, la propuesta pr\u00e1cticamente comenz\u00f3 de cero.<\/p>\n\n\n\n<figure class=\"wp-block-gallery columns-2 is-cropped wp-block-gallery-1 is-layout-flex wp-block-gallery-is-layout-flex\"><ul class=\"blocks-gallery-grid\"><li class=\"blocks-gallery-item\"><figure><img decoding=\"async\" src=\"data:image\/gif;base64,R0lGODlhAQABAIAAAAAAAP\/\/\/ywAAAAAAQABAAACAUwAOw==\" fifu-lazy=\"1\" fifu-data-sizes=\"auto\" fifu-data-srcset=\"https:\/\/i2.wp.com\/interaccionnoticias.com.mx\/wp-content\/uploads\/2022\/11\/221104-Adan-Augusto-Lopez-Hernandez-1-1024x683.jpeg?ssl=1&w=75&resize=75&ssl=1 75w, https:\/\/i2.wp.com\/interaccionnoticias.com.mx\/wp-content\/uploads\/2022\/11\/221104-Adan-Augusto-Lopez-Hernandez-1-1024x683.jpeg?ssl=1&w=100&resize=100&ssl=1 100w, https:\/\/i2.wp.com\/interaccionnoticias.com.mx\/wp-content\/uploads\/2022\/11\/221104-Adan-Augusto-Lopez-Hernandez-1-1024x683.jpeg?ssl=1&w=150&resize=150&ssl=1 150w, https:\/\/i2.wp.com\/interaccionnoticias.com.mx\/wp-content\/uploads\/2022\/11\/221104-Adan-Augusto-Lopez-Hernandez-1-1024x683.jpeg?ssl=1&w=240&resize=240&ssl=1 240w, https:\/\/i2.wp.com\/interaccionnoticias.com.mx\/wp-content\/uploads\/2022\/11\/221104-Adan-Augusto-Lopez-Hernandez-1-1024x683.jpeg?ssl=1&w=320&resize=320&ssl=1 320w, https:\/\/i2.wp.com\/interaccionnoticias.com.mx\/wp-content\/uploads\/2022\/11\/221104-Adan-Augusto-Lopez-Hernandez-1-1024x683.jpeg?ssl=1&w=500&resize=500&ssl=1 500w, https:\/\/i2.wp.com\/interaccionnoticias.com.mx\/wp-content\/uploads\/2022\/11\/221104-Adan-Augusto-Lopez-Hernandez-1-1024x683.jpeg?ssl=1&w=640&resize=640&ssl=1 640w, https:\/\/i2.wp.com\/interaccionnoticias.com.mx\/wp-content\/uploads\/2022\/11\/221104-Adan-Augusto-Lopez-Hernandez-1-1024x683.jpeg?ssl=1&w=800&resize=800&ssl=1 800w, https:\/\/i2.wp.com\/interaccionnoticias.com.mx\/wp-content\/uploads\/2022\/11\/221104-Adan-Augusto-Lopez-Hernandez-1-1024x683.jpeg?ssl=1&w=1024&resize=1024&ssl=1 1024w, https:\/\/i2.wp.com\/interaccionnoticias.com.mx\/wp-content\/uploads\/2022\/11\/221104-Adan-Augusto-Lopez-Hernandez-1-1024x683.jpeg?ssl=1&w=1280&resize=1280&ssl=1 1280w, https:\/\/i2.wp.com\/interaccionnoticias.com.mx\/wp-content\/uploads\/2022\/11\/221104-Adan-Augusto-Lopez-Hernandez-1-1024x683.jpeg?ssl=1&w=1600&resize=1600&ssl=1 1600w\" fifu-data-src=\"https:\/\/i2.wp.com\/interaccionnoticias.com.mx\/wp-content\/uploads\/2022\/11\/221104-Adan-Augusto-Lopez-Hernandez-1-1024x683.jpeg?ssl=1\" alt=\"\" data-id=\"52892\" data-full-url=\"https:\/\/interaccionnoticias.com.mx\/wp-content\/uploads\/2022\/11\/221104-Adan-Augusto-Lopez-Hernandez-1.jpeg\" data-link=\"https:\/\/interaccionnoticias.com.mx\/?attachment_id=52892\" class=\"wp-image-52892\"\/><\/figure><\/li><li class=\"blocks-gallery-item\"><figure><img decoding=\"async\" src=\"data:image\/gif;base64,R0lGODlhAQABAIAAAAAAAP\/\/\/ywAAAAAAQABAAACAUwAOw==\" fifu-lazy=\"1\" fifu-data-sizes=\"auto\" fifu-data-srcset=\"https:\/\/i3.wp.com\/interaccionnoticias.com.mx\/wp-content\/uploads\/2022\/11\/221104-Adan-Augusto-Lopez-Hernandez-2-1024x683.jpeg?ssl=1&w=75&resize=75&ssl=1 75w, https:\/\/i3.wp.com\/interaccionnoticias.com.mx\/wp-content\/uploads\/2022\/11\/221104-Adan-Augusto-Lopez-Hernandez-2-1024x683.jpeg?ssl=1&w=100&resize=100&ssl=1 100w, https:\/\/i3.wp.com\/interaccionnoticias.com.mx\/wp-content\/uploads\/2022\/11\/221104-Adan-Augusto-Lopez-Hernandez-2-1024x683.jpeg?ssl=1&w=150&resize=150&ssl=1 150w, https:\/\/i3.wp.com\/interaccionnoticias.com.mx\/wp-content\/uploads\/2022\/11\/221104-Adan-Augusto-Lopez-Hernandez-2-1024x683.jpeg?ssl=1&w=240&resize=240&ssl=1 240w, https:\/\/i3.wp.com\/interaccionnoticias.com.mx\/wp-content\/uploads\/2022\/11\/221104-Adan-Augusto-Lopez-Hernandez-2-1024x683.jpeg?ssl=1&w=320&resize=320&ssl=1 320w, https:\/\/i3.wp.com\/interaccionnoticias.com.mx\/wp-content\/uploads\/2022\/11\/221104-Adan-Augusto-Lopez-Hernandez-2-1024x683.jpeg?ssl=1&w=500&resize=500&ssl=1 500w, https:\/\/i3.wp.com\/interaccionnoticias.com.mx\/wp-content\/uploads\/2022\/11\/221104-Adan-Augusto-Lopez-Hernandez-2-1024x683.jpeg?ssl=1&w=640&resize=640&ssl=1 640w, https:\/\/i3.wp.com\/interaccionnoticias.com.mx\/wp-content\/uploads\/2022\/11\/221104-Adan-Augusto-Lopez-Hernandez-2-1024x683.jpeg?ssl=1&w=800&resize=800&ssl=1 800w, https:\/\/i3.wp.com\/interaccionnoticias.com.mx\/wp-content\/uploads\/2022\/11\/221104-Adan-Augusto-Lopez-Hernandez-2-1024x683.jpeg?ssl=1&w=1024&resize=1024&ssl=1 1024w, https:\/\/i3.wp.com\/interaccionnoticias.com.mx\/wp-content\/uploads\/2022\/11\/221104-Adan-Augusto-Lopez-Hernandez-2-1024x683.jpeg?ssl=1&w=1280&resize=1280&ssl=1 1280w, https:\/\/i3.wp.com\/interaccionnoticias.com.mx\/wp-content\/uploads\/2022\/11\/221104-Adan-Augusto-Lopez-Hernandez-2-1024x683.jpeg?ssl=1&w=1600&resize=1600&ssl=1 1600w\" fifu-data-src=\"https:\/\/i3.wp.com\/interaccionnoticias.com.mx\/wp-content\/uploads\/2022\/11\/221104-Adan-Augusto-Lopez-Hernandez-2-1024x683.jpeg?ssl=1\" alt=\"\" data-id=\"52893\" data-full-url=\"https:\/\/interaccionnoticias.com.mx\/wp-content\/uploads\/2022\/11\/221104-Adan-Augusto-Lopez-Hernandez-2.jpeg\" data-link=\"https:\/\/interaccionnoticias.com.mx\/?attachment_id=52893\" class=\"wp-image-52893\"\/><\/figure><\/li><\/ul><\/figure>\n","protected":false},"excerpt":{"rendered":"<p>&#8212; En Guerrero hay heridas que no han terminado de sanar, dice Ad\u00e1n Augusto L\u00f3pez ante el Pleno del Congreso&#8212; Asegura que en M\u00e9xico hay un Ejercito moderno que ya&hellip; <\/p>\n","protected":false},"author":8,"featured_media":52893,"comment_status":"open","ping_status":"open","sticky":false,"template":"","format":"standard","meta":{"fifu_image_url":"","fifu_image_alt":"","footnotes":""},"categories":[11],"tags":[],"class_list":["post-52891","post","type-post","status-publish","format-standard","has-post-thumbnail","hentry","category-guerrero"],"_links":{"self":[{"href":"https:\/\/www.interaccionnoticias.com.mx\/index.php?rest_route=\/wp\/v2\/posts\/52891","targetHints":{"allow":["GET"]}}],"collection":[{"href":"https:\/\/www.interaccionnoticias.com.mx\/index.php?rest_route=\/wp\/v2\/posts"}],"about":[{"href":"https:\/\/www.interaccionnoticias.com.mx\/index.php?rest_route=\/wp\/v2\/types\/post"}],"author":[{"embeddable":true,"href":"https:\/\/www.interaccionnoticias.com.mx\/index.php?rest_route=\/wp\/v2\/users\/8"}],"replies":[{"embeddable":true,"href":"https:\/\/www.interaccionnoticias.com.mx\/index.php?rest_route=%2Fwp%2Fv2%2Fcomments&post=52891"}],"version-history":[{"count":1,"href":"https:\/\/www.interaccionnoticias.com.mx\/index.php?rest_route=\/wp\/v2\/posts\/52891\/revisions"}],"predecessor-version":[{"id":52894,"href":"https:\/\/www.interaccionnoticias.com.mx\/index.php?rest_route=\/wp\/v2\/posts\/52891\/revisions\/52894"}],"wp:featuredmedia":[{"embeddable":true,"href":"https:\/\/www.interaccionnoticias.com.mx\/index.php?rest_route=\/wp\/v2\/media\/52893"}],"wp:attachment":[{"href":"https:\/\/www.interaccionnoticias.com.mx\/index.php?rest_route=%2Fwp%2Fv2%2Fmedia&parent=52891"}],"wp:term":[{"taxonomy":"category","embeddable":true,"href":"https:\/\/www.interaccionnoticias.com.mx\/index.php?rest_route=%2Fwp%2Fv2%2Fcategories&post=52891"},{"taxonomy":"post_tag","embeddable":true,"href":"https:\/\/www.interaccionnoticias.com.mx\/index.php?rest_route=%2Fwp%2Fv2%2Ftags&post=52891"}],"curies":[{"name":"wp","href":"https:\/\/api.w.org\/{rel}","templated":true}]}}