{"id":52881,"date":"2022-11-03T22:30:16","date_gmt":"2022-11-04T04:30:16","guid":{"rendered":"https:\/\/interaccionnoticias.com.mx\/?p=52881"},"modified":"2022-11-03T22:30:21","modified_gmt":"2022-11-04T04:30:21","slug":"titular-de-gobernacion-explicara-ante-el-congreso-gobierno-y-sociedad-el-tema-de-la-militarizacion","status":"publish","type":"post","link":"https:\/\/www.interaccionnoticias.com.mx\/?p=52881","title":{"rendered":"Titular de Gobernaci\u00f3n explicar\u00e1 ante el Congreso, Gobierno y sociedad, el tema de la militarizaci\u00f3n"},"content":{"rendered":"\n<p><strong><em>&#8212; Ad\u00e1n Augusto L\u00f3pez estar\u00e1 ante el Pleno del Congreso, dialogar\u00e1 con la gobernadora Evelyn Salgado, se reunir\u00e1 con medios de comunicaci\u00f3n y representantes de la sociedad<\/em><\/strong><\/p>\n\n\n\n<p><strong>Rogelio Agust\u00edn<\/strong><\/p>\n\n\n\n<p>Este viernes, el titular de la Secretar\u00eda de Gobernaci\u00f3n de la administraci\u00f3n Federal, Ad\u00e1n Augusto L\u00f3pez Hern\u00e1ndez sostendr\u00e1 reuniones con el Congreso local, la gobernadora Evelyn Salgado Pineda y representantes de asociaciones civiles.<\/p>\n\n\n\n<p>De acuerdo con el calendario de actividades dado a conocer la noche de este jueves, el responsable de la pol\u00edtica interna del pa\u00eds estar\u00e1 en las instalaciones del Congreso local en punto de las 11:00 horas.<\/p>\n\n\n\n<p>En la sala de Plenos, el mensaje de bienvenida lo dar\u00e1 la presidenta de la Mesa Directiva, Yaneli Hern\u00e1ndez Mart\u00ednez, posteriormente habr\u00e1 un discurso de la presidenta de la Junta de Coordinaci\u00f3n Pol\u00edtica (Jucopo), Yoloczin Dom\u00ednguez Serna y posteriormente se generar\u00e1 la intervenci\u00f3n del titular de la SEGOG.<\/p>\n\n\n\n<p>L\u00f3pez Hern\u00e1ndez expondr\u00e1 lo relacionado con la permanencia de las fuerzas armadas en tareas de seguridad p\u00fablica hasta 2028, lo que ser\u00e1 escuchado por los diputados locales.<\/p>\n\n\n\n<p>Una vez culminada la exposici\u00f3n, habr\u00e1 una ronde de intervenciones libres por parte de los diputados locales, aunque se sugiere que de preferencia, las intervenciones sean de uno por cada fracci\u00f3n parlamentaria o representaci\u00f3n de partido.<\/p>\n\n\n\n<p>A las 12:30 horas, el secretario de Gobernaci\u00f3n sostendr\u00e1 un encuentro con diferentes medios de comunicaci\u00f3n.<\/p>\n\n\n\n<p>Para las 13:30 horas se espera que Ad\u00e1n Augusto L\u00f3pez est\u00e9 en la residencia oficial Casa Guerrero, donde lo recibir\u00e1 la gobernadora Evelyn Salgado Pineda, quien dirigir\u00e1 un mensaje previo al discurso del funcionario federal.<\/p>\n\n\n\n<p>Posteriormente se abrir\u00e1 una ronda de preguntas y respuestas con representantes de la sociedad civil, entre empresarios; productores del campo, rectores de instituciones de educaci\u00f3n superior, autoridades eclesi\u00e1sticas, autoridades municipales y representantes de los pueblos originarios.<\/p>\n","protected":false},"excerpt":{"rendered":"<p>&#8212; Ad\u00e1n Augusto L\u00f3pez estar\u00e1 ante el Pleno del Congreso, dialogar\u00e1 con la gobernadora Evelyn Salgado, se reunir\u00e1 con medios de comunicaci\u00f3n y representantes de la sociedad Rogelio Agust\u00edn Este&hellip; <\/p>\n","protected":false},"author":21,"featured_media":52882,"comment_status":"open","ping_status":"open","sticky":false,"template":"","format":"standard","meta":{"fifu_image_url":"","fifu_image_alt":"","footnotes":""},"categories":[11],"tags":[],"class_list":["post-52881","post","type-post","status-publish","format-standard","has-post-thumbnail","hentry","category-guerrero"],"_links":{"self":[{"href":"https:\/\/www.interaccionnoticias.com.mx\/index.php?rest_route=\/wp\/v2\/posts\/52881","targetHints":{"allow":["GET"]}}],"collection":[{"href":"https:\/\/www.interaccionnoticias.com.mx\/index.php?rest_route=\/wp\/v2\/posts"}],"about":[{"href":"https:\/\/www.interaccionnoticias.com.mx\/index.php?rest_route=\/wp\/v2\/types\/post"}],"author":[{"embeddable":true,"href":"https:\/\/www.interaccionnoticias.com.mx\/index.php?rest_route=\/wp\/v2\/users\/21"}],"replies":[{"embeddable":true,"href":"https:\/\/www.interaccionnoticias.com.mx\/index.php?rest_route=%2Fwp%2Fv2%2Fcomments&post=52881"}],"version-history":[{"count":1,"href":"https:\/\/www.interaccionnoticias.com.mx\/index.php?rest_route=\/wp\/v2\/posts\/52881\/revisions"}],"predecessor-version":[{"id":52883,"href":"https:\/\/www.interaccionnoticias.com.mx\/index.php?rest_route=\/wp\/v2\/posts\/52881\/revisions\/52883"}],"wp:featuredmedia":[{"embeddable":true,"href":"https:\/\/www.interaccionnoticias.com.mx\/index.php?rest_route=\/wp\/v2\/media\/52882"}],"wp:attachment":[{"href":"https:\/\/www.interaccionnoticias.com.mx\/index.php?rest_route=%2Fwp%2Fv2%2Fmedia&parent=52881"}],"wp:term":[{"taxonomy":"category","embeddable":true,"href":"https:\/\/www.interaccionnoticias.com.mx\/index.php?rest_route=%2Fwp%2Fv2%2Fcategories&post=52881"},{"taxonomy":"post_tag","embeddable":true,"href":"https:\/\/www.interaccionnoticias.com.mx\/index.php?rest_route=%2Fwp%2Fv2%2Ftags&post=52881"}],"curies":[{"name":"wp","href":"https:\/\/api.w.org\/{rel}","templated":true}]}}