{"id":52873,"date":"2022-11-03T19:23:46","date_gmt":"2022-11-04T01:23:46","guid":{"rendered":"https:\/\/interaccionnoticias.com.mx\/?p=52873"},"modified":"2022-11-03T19:23:50","modified_gmt":"2022-11-04T01:23:50","slug":"vuelven-a-clases-escuelas-de-la-sierra-de-san-miguel-totolapan","status":"publish","type":"post","link":"https:\/\/www.interaccionnoticias.com.mx\/?p=52873","title":{"rendered":"Vuelven a clases, escuelas de la Sierra de San Miguel Totolapan"},"content":{"rendered":"\n<p><strong><em>&#8212; 16 primarias y 7 telesecundarias, se\u00f1ala Marcial Rodr\u00edguez Salda\u00f1a, titular de la SEG<\/em><\/strong><\/p>\n\n\n\n<p><strong>Rogelio Agust\u00edn<\/strong><\/p>\n\n\n\n<p>El titular de la Secretar\u00eda de Educaci\u00f3n Guerrero (SEG), Marcial Rodr\u00edguez Salda\u00f1a sostuvo que este jueves 3 de noviembre regresaron a clases las escuelas ubicadas en la parte alta de la Sierra de San Miguel Totolapan, las que se encontraban suspendidas desde la jornada del 5 de octubre, cuando se registr\u00f3 la masacre de 20 personas.<\/p>\n\n\n\n<p>Rodr\u00edguez Salda\u00f1a, refiri\u00f3 que se trabaja en seguimiento a las instrucciones de la gobernadora Evelyn Salgado Pineda, en el sentido de contribuir a que se restablezca la normalidad en esa parte de la Tierra Caliente de Guerrero.<\/p>\n\n\n\n<p>Destac\u00f3 que se reanud\u00f3 la actividad presencial en 16 escuelas Primarias y en 7 Telesecundarias, que se ubican en la parte alta de la Sierra de dicho Municipio, lo cual se complementa a que todas las escuelas de la cabecera municipal, que retomaron las educativas desde el lunes 24 de octubre.<\/p>\n\n\n\n<p>El titular de la SEG, dijo que las indicaciones de la gobernadora Evelyn Salgado, son las de atender de manera puntual al sector educativo de ese municipio y que el objetivo es que en un breve, todas las escuelas est\u00e9n en clases y se recupere completamente la normalidad.<\/p>\n","protected":false},"excerpt":{"rendered":"<p>&#8212; 16 primarias y 7 telesecundarias, se\u00f1ala Marcial Rodr\u00edguez Salda\u00f1a, titular de la SEG Rogelio Agust\u00edn El titular de la Secretar\u00eda de Educaci\u00f3n Guerrero (SEG), Marcial Rodr\u00edguez Salda\u00f1a sostuvo que&hellip; <\/p>\n","protected":false},"author":21,"featured_media":52874,"comment_status":"open","ping_status":"open","sticky":false,"template":"","format":"standard","meta":{"fifu_image_url":"","fifu_image_alt":"","footnotes":""},"categories":[6],"tags":[],"class_list":["post-52873","post","type-post","status-publish","format-standard","has-post-thumbnail","hentry","category-educacion"],"_links":{"self":[{"href":"https:\/\/www.interaccionnoticias.com.mx\/index.php?rest_route=\/wp\/v2\/posts\/52873","targetHints":{"allow":["GET"]}}],"collection":[{"href":"https:\/\/www.interaccionnoticias.com.mx\/index.php?rest_route=\/wp\/v2\/posts"}],"about":[{"href":"https:\/\/www.interaccionnoticias.com.mx\/index.php?rest_route=\/wp\/v2\/types\/post"}],"author":[{"embeddable":true,"href":"https:\/\/www.interaccionnoticias.com.mx\/index.php?rest_route=\/wp\/v2\/users\/21"}],"replies":[{"embeddable":true,"href":"https:\/\/www.interaccionnoticias.com.mx\/index.php?rest_route=%2Fwp%2Fv2%2Fcomments&post=52873"}],"version-history":[{"count":1,"href":"https:\/\/www.interaccionnoticias.com.mx\/index.php?rest_route=\/wp\/v2\/posts\/52873\/revisions"}],"predecessor-version":[{"id":52875,"href":"https:\/\/www.interaccionnoticias.com.mx\/index.php?rest_route=\/wp\/v2\/posts\/52873\/revisions\/52875"}],"wp:featuredmedia":[{"embeddable":true,"href":"https:\/\/www.interaccionnoticias.com.mx\/index.php?rest_route=\/wp\/v2\/media\/52874"}],"wp:attachment":[{"href":"https:\/\/www.interaccionnoticias.com.mx\/index.php?rest_route=%2Fwp%2Fv2%2Fmedia&parent=52873"}],"wp:term":[{"taxonomy":"category","embeddable":true,"href":"https:\/\/www.interaccionnoticias.com.mx\/index.php?rest_route=%2Fwp%2Fv2%2Fcategories&post=52873"},{"taxonomy":"post_tag","embeddable":true,"href":"https:\/\/www.interaccionnoticias.com.mx\/index.php?rest_route=%2Fwp%2Fv2%2Ftags&post=52873"}],"curies":[{"name":"wp","href":"https:\/\/api.w.org\/{rel}","templated":true}]}}