{"id":52862,"date":"2022-11-03T17:14:32","date_gmt":"2022-11-03T23:14:32","guid":{"rendered":"https:\/\/interaccionnoticias.com.mx\/?p=52862"},"modified":"2022-11-03T17:14:37","modified_gmt":"2022-11-03T23:14:37","slug":"la-presidenta-de-la-cndh-poco-pertinente-en-sus-comentarios-respecto-al-ine","status":"publish","type":"post","link":"https:\/\/www.interaccionnoticias.com.mx\/?p=52862","title":{"rendered":"La presidenta de la CNDH, poco pertinente en sus comentarios respecto al INE"},"content":{"rendered":"\n<p><strong><em>&#8212; Se viola el art\u00edculo 102 de la Constituci\u00f3n Pol\u00edtica del pa\u00eds<\/em><\/strong><\/p>\n\n\n\n<p><strong>Rosario Garc\u00eda Orozco<\/strong><\/p>\n\n\n\n<p><strong>Chilpancingo, Gro., 3 de noviembre del 2022.-<\/strong> El vocal ejecutivo de la Junta Local del Instituto Nacional Electoral (INE), Donaciano Mu\u00f1oz Loyola, consider\u00f3 que fueron poco pertinentes los comentarios contra el INE que emiti\u00f3 la presidenta de la Comisi\u00f3n Nacional de Derechos Humanos, Rosario Piedra Ibarra.<\/p>\n\n\n\n<p>De acuerdo al Art\u00edculo 102 de la Constituci\u00f3n Mexicana, dijo Donaciano Mu\u00f1oz, los \u00f3rganos de Derechos Humanos no tienen la facultad para pronunciarse en temas electorales, \u00aben principio me parece ah\u00ed una falta a la norma\u00bb.<\/p>\n\n\n\n<p>Adem\u00e1s la presidenta de la CNDH se refiere en sus comentarios a sucesos entre los a\u00f1os 50\u00b4s y 60&#8217;s, y de esa fecha a la fecha ya ha habido transici\u00f3n en M\u00e9xico, varias reformas electorales, la creaci\u00f3n de una autoridad administrativa como el IFE, m\u00e1s tarde se concret\u00f3 su autonom\u00eda y se ciudadaniz\u00f3, \u00abes decir, han pasado muchas cosas despues de los a\u00f1os 60&#8217;s, por lo que no es congruente lo que se dijo, respecto a lo que ha sucedido en todo este tiempo en los \u00f3rganos electorales\u00bb.<\/p>\n\n\n\n<p>El Presupuesto<\/p>\n\n\n\n<p>El Congreso debe revisar con cuidado el presupuesto para el INE, con la finalidad de que no vaya a realizar ajustes que afecten las partidas presupuestales para la organizaci\u00f3n de las elecciones, periodo en que se refuerzan varias actividades como los monitoreos a todos los medios de comunicaci\u00f3n, lo que permite que haya equidad en el proceso, la confecci\u00f3n la lista nominal y el padr\u00f3n electoral, entre otras acciones dijo el funcionario electoral.<\/p>\n\n\n\n<p>\u00abSi van a hacer alguna reducci\u00f3n que no implique abrir la puerta a la desconfianza, porque justamente es el camino en el que m\u00e1s se ha avanzado, el de la construcci\u00f3n de la confianza del electorado. Hoy por hoy es una de las tareas m\u00e1s importantes y ahora nadie cuestiona a las autoridades en t\u00e9rminos de su elecci\u00f3n, en t\u00e9rminos de la legitimidad que los llev\u00f3 a ocupar alg\u00fan cargo publico, y esa parte no debe perderse\u00bb, enfatiz\u00f3.<\/p>\n\n\n\n<p>Reforma Electoral<\/p>\n\n\n\n<p>Para el titular de la Junta Local del INE, a lo largo de la historia primero del IFE, ahora del INE, se han registrado varias modificaciones, pero se han realizado principalmente en las cercan\u00edas de las elecciones intermedias, no as\u00ed en la recta final de una administraci\u00f3n federal, \u00abel que viene no en un proceso cualquiera, es nacional, basta considerar que el de 2024 es el proceso m\u00e1s grande que vamos a tener, y es que el padr\u00f3n electoral sigue creciendo. Para esta elecci\u00f3n vamos a tener al rededor de 95 millones de electores, lo que deben considerar las fuerzas pol\u00edticas al interior del Congreso\u00bb.<\/p>\n\n\n\n<p>Consider\u00f3 que cualquier reforma que se pretenda impulsar debe partir de concensos muy amplios, que representantes de varios partidos est\u00e9n de acuerdo, y no se corra el riesgo de perder la confianza en el actual sistema electoral, que desde 2014 ha realizado 330 elecciones.<\/p>\n\n\n\n<p>A cuatro meses de haber llegado a Guerrero como titular de la Junta Local del INE, el funcionario electoral consider\u00f3 que se cuenta con la coordinaci\u00f3n y la capacitaci\u00f3n por parte de todo el personal de esa instancia para la conducci\u00f3n de la elecci\u00f3n del 2024, y record\u00f3 que el proceso electoral inicia ya el pr\u00f3ximo a\u00f1o.<\/p>\n\n\n\n<p>\u00abPor parte de la autoridad electoral, te comento que estamos avanzando con la solidez que se requiere para que los actores pol\u00edticos, dentro de sus l\u00f3gicas en la disputa leg\u00edtima del poder, encuentren un \u00e1rbitro lo suficientemente imparcial para que conduzca un proceso que le permita tener a la ciudadan\u00eda la representaci\u00f3n y las autoridades que directamente elijan\u00bb, expres\u00f3 Mu\u00f1oz Loyola<\/p>\n","protected":false},"excerpt":{"rendered":"<p>&#8212; Se viola el art\u00edculo 102 de la Constituci\u00f3n Pol\u00edtica del pa\u00eds Rosario Garc\u00eda Orozco Chilpancingo, Gro., 3 de noviembre del 2022.- El vocal ejecutivo de la Junta Local del&hellip; <\/p>\n","protected":false},"author":14,"featured_media":52863,"comment_status":"open","ping_status":"open","sticky":false,"template":"","format":"standard","meta":{"fifu_image_url":"","fifu_image_alt":"","footnotes":""},"categories":[17],"tags":[],"class_list":["post-52862","post","type-post","status-publish","format-standard","has-post-thumbnail","hentry","category-organos-electorales"],"_links":{"self":[{"href":"https:\/\/www.interaccionnoticias.com.mx\/index.php?rest_route=\/wp\/v2\/posts\/52862","targetHints":{"allow":["GET"]}}],"collection":[{"href":"https:\/\/www.interaccionnoticias.com.mx\/index.php?rest_route=\/wp\/v2\/posts"}],"about":[{"href":"https:\/\/www.interaccionnoticias.com.mx\/index.php?rest_route=\/wp\/v2\/types\/post"}],"author":[{"embeddable":true,"href":"https:\/\/www.interaccionnoticias.com.mx\/index.php?rest_route=\/wp\/v2\/users\/14"}],"replies":[{"embeddable":true,"href":"https:\/\/www.interaccionnoticias.com.mx\/index.php?rest_route=%2Fwp%2Fv2%2Fcomments&post=52862"}],"version-history":[{"count":1,"href":"https:\/\/www.interaccionnoticias.com.mx\/index.php?rest_route=\/wp\/v2\/posts\/52862\/revisions"}],"predecessor-version":[{"id":52864,"href":"https:\/\/www.interaccionnoticias.com.mx\/index.php?rest_route=\/wp\/v2\/posts\/52862\/revisions\/52864"}],"wp:featuredmedia":[{"embeddable":true,"href":"https:\/\/www.interaccionnoticias.com.mx\/index.php?rest_route=\/wp\/v2\/media\/52863"}],"wp:attachment":[{"href":"https:\/\/www.interaccionnoticias.com.mx\/index.php?rest_route=%2Fwp%2Fv2%2Fmedia&parent=52862"}],"wp:term":[{"taxonomy":"category","embeddable":true,"href":"https:\/\/www.interaccionnoticias.com.mx\/index.php?rest_route=%2Fwp%2Fv2%2Fcategories&post=52862"},{"taxonomy":"post_tag","embeddable":true,"href":"https:\/\/www.interaccionnoticias.com.mx\/index.php?rest_route=%2Fwp%2Fv2%2Ftags&post=52862"}],"curies":[{"name":"wp","href":"https:\/\/api.w.org\/{rel}","templated":true}]}}