{"id":52859,"date":"2022-11-03T14:25:11","date_gmt":"2022-11-03T20:25:11","guid":{"rendered":"https:\/\/interaccionnoticias.com.mx\/?p=52859"},"modified":"2022-11-03T14:25:16","modified_gmt":"2022-11-03T20:25:16","slug":"dirigente-estatal-de-morena-solicita-regresar-a-su-curul-en-el-congreso-de-guerrero","status":"publish","type":"post","link":"https:\/\/www.interaccionnoticias.com.mx\/?p=52859","title":{"rendered":"Dirigente estatal de Morena solicita regresar a su curul en el Congreso de Guerrero"},"content":{"rendered":"\n<p><strong><em>&#8212; Moment\u00e1neamente, la comunidad LGBT se queda sin representante en la 63 Legislatura<\/em><\/strong><\/p>\n\n\n\n<p><strong>Rogelio Agust\u00edn Esteban<\/strong><\/p>\n\n\n\n<p>El dirigente estatal de Morena, Jacinto Gonz\u00e1lez Varona solicit\u00f3 oficialmente su reincorporaci\u00f3n al Congreso local, para ocupar la curul que ocupa el representante de la comunidad LGBT, Fernando Ag\u00fcero Garc\u00eda.<\/p>\n\n\n\n<p>Aunque el documento se elabor\u00f3 desde la jornada del martes 1 de noviembre, el acuse de recibo qued\u00f3 sellado a las 09:04 horas del jueves 3 de noviembre.<\/p>\n\n\n\n<p>En el cuerpo del oficio dirigido a la presidenta de la Mesa Directiva del Congreso, Yaneli Hern\u00e1ndez Mart\u00ednez, Gonz\u00e1lez Varona solicita que en t\u00e9rminos del art\u00edculo 39, segundo p\u00e1rrafo de la Ley Org\u00e1nica del Poder Legislativo de Guerrero: \u201cinformo a usted que a partir de las primeras horas del d\u00eda 2 de noviembre (mi\u00e9rcoles) me reincorporo al ejercicio de mis actividades legislativas, solicitando realice las gestiones necesarias que marca la ley\u201d.<\/p>\n\n\n\n<p>El domingo 30 de octubre, en llamadas telef\u00f3nicas con diferentes medios de comunicaci\u00f3n, el representante de la comunidad LGBT ante el Congreso local, Fernando Ag\u00fcero denunci\u00f3 que una vez m\u00e1s, parec\u00eda que ser\u00eda objeto de un avasallamiento por parte del dirigente estatal de Morena.<\/p>\n\n\n\n<p>Ag\u00fcero Garc\u00eda dijo que de acuerdo con los estatutos, ning\u00fan dirigente de Morena puede ostentar una doble representaci\u00f3n.<\/p>\n\n\n\n<p>Sin embargo, la ma\u00f1ana del lunes 31 de octubre, Gonz\u00e1lez Varona precis\u00f3 que su reincorporaci\u00f3n no era definitiva ni producto de un capricho.<\/p>\n\n\n\n<p>Dijo que es parte de la Comisi\u00f3n de Puntos constitucionales, en donde hasta el momento hab\u00eda cuatro de cinco integrantes activos, ya que \u00e9l se encuentra de licencia y la comisi\u00f3n no se ha restructurado.<\/p>\n\n\n\n<p>Al regresar a la curul, dijo que se desempata la correlaci\u00f3n de fuerzas en la comisi\u00f3n legislativa de referencia, situaci\u00f3n que favorece la emisi\u00f3n del dictamen relacionado con la minuta enviada por el Congreso de la Uni\u00f3n respecto a la ampliaci\u00f3n de las fuerzas armadas en tareas de seguridad p\u00fablica.<\/p>\n\n\n\n<p>Record\u00f3 que tampoco se ha restructurado la Comisi\u00f3n de Vigilancia de la Auditor\u00eda Superior del Estado (ASE), donde funge tambi\u00e9n como presidente y donde se deben desahogar asuntos que son importantes.<\/p>\n\n\n\n<p>El propio representante de la comunidad LGBT, Fernando Ag\u00fcero reconoci\u00f3 la necesidad de que con el retorno de Gonz\u00e1lez Varona, se realicen los ajustes que se requieren en las comisiones y posteriormente se volver\u00e1 a generar la licencia, para que la comunidad LGBT recupere su representaci\u00f3n en la 63 Legislatura.<\/p>\n","protected":false},"excerpt":{"rendered":"<p>&#8212; Moment\u00e1neamente, la comunidad LGBT se queda sin representante en la 63 Legislatura Rogelio Agust\u00edn Esteban El dirigente estatal de Morena, Jacinto Gonz\u00e1lez Varona solicit\u00f3 oficialmente su reincorporaci\u00f3n al Congreso&hellip; <\/p>\n","protected":false},"author":21,"featured_media":52860,"comment_status":"open","ping_status":"open","sticky":false,"template":"","format":"standard","meta":{"fifu_image_url":"","fifu_image_alt":"","footnotes":""},"categories":[2],"tags":[],"class_list":["post-52859","post","type-post","status-publish","format-standard","has-post-thumbnail","hentry","category-congreso"],"_links":{"self":[{"href":"https:\/\/www.interaccionnoticias.com.mx\/index.php?rest_route=\/wp\/v2\/posts\/52859","targetHints":{"allow":["GET"]}}],"collection":[{"href":"https:\/\/www.interaccionnoticias.com.mx\/index.php?rest_route=\/wp\/v2\/posts"}],"about":[{"href":"https:\/\/www.interaccionnoticias.com.mx\/index.php?rest_route=\/wp\/v2\/types\/post"}],"author":[{"embeddable":true,"href":"https:\/\/www.interaccionnoticias.com.mx\/index.php?rest_route=\/wp\/v2\/users\/21"}],"replies":[{"embeddable":true,"href":"https:\/\/www.interaccionnoticias.com.mx\/index.php?rest_route=%2Fwp%2Fv2%2Fcomments&post=52859"}],"version-history":[{"count":1,"href":"https:\/\/www.interaccionnoticias.com.mx\/index.php?rest_route=\/wp\/v2\/posts\/52859\/revisions"}],"predecessor-version":[{"id":52861,"href":"https:\/\/www.interaccionnoticias.com.mx\/index.php?rest_route=\/wp\/v2\/posts\/52859\/revisions\/52861"}],"wp:featuredmedia":[{"embeddable":true,"href":"https:\/\/www.interaccionnoticias.com.mx\/index.php?rest_route=\/wp\/v2\/media\/52860"}],"wp:attachment":[{"href":"https:\/\/www.interaccionnoticias.com.mx\/index.php?rest_route=%2Fwp%2Fv2%2Fmedia&parent=52859"}],"wp:term":[{"taxonomy":"category","embeddable":true,"href":"https:\/\/www.interaccionnoticias.com.mx\/index.php?rest_route=%2Fwp%2Fv2%2Fcategories&post=52859"},{"taxonomy":"post_tag","embeddable":true,"href":"https:\/\/www.interaccionnoticias.com.mx\/index.php?rest_route=%2Fwp%2Fv2%2Ftags&post=52859"}],"curies":[{"name":"wp","href":"https:\/\/api.w.org\/{rel}","templated":true}]}}