{"id":52796,"date":"2022-11-02T18:33:39","date_gmt":"2022-11-03T00:33:39","guid":{"rendered":"https:\/\/interaccionnoticias.com.mx\/?p=52796"},"modified":"2022-11-02T18:33:44","modified_gmt":"2022-11-03T00:33:44","slug":"matrimonios-igualitarios-triunfo-para-la-democracia-en-guerrero","status":"publish","type":"post","link":"https:\/\/www.interaccionnoticias.com.mx\/?p=52796","title":{"rendered":"Matrimonios igualitarios, triunfo para la democracia en Guerrero"},"content":{"rendered":"\n<p><strong>&#8212; La activista Eva Albavera reconoce la disposici\u00f3n de los diputados locales<\/strong><\/p>\n\n\n\n<p><strong>Alejandro G\u00f3mez Sotelo<\/strong><\/p>\n\n\n\n<p>La aprobaci\u00f3n de los matrimonios igualitarios por parte de la mayor\u00eda de diputadas y diputados locales marca un hito para la democracia en Guerrero y es un cambio que quedar\u00e1 para la historia, porque se trata de modificaciones que llegaron para quedarse y con ello quitar la idea de la naturalizaci\u00f3n de los matrimonios heterosexuales para dar paso a una nueva normalidad, asegur\u00f3 la presidenta de la agrupaci\u00f3n \u201cEquidad y Autonom\u00eda en Movimiento\u201d (EAM), Eva Albavera Viveros.<\/p>\n\n\n\n<p>Dijo que si bien en la entidad se dio esa resoluci\u00f3n legislativa, luego de que hace tiempo la Suprema Corte de Justicia de la Naci\u00f3n (SCJN) valid\u00f3 los matrimonios entre personas del mismo sexo para todo el pa\u00eds, pero ese tipo de relaciones amorosas o concubinatos ya exist\u00edan en Guerrero y ahora jur\u00eddicamente las personas interesadas en casarse ya tienen la posibilidad de obtener ese contrato social, con los derechos, responsabilidades y obligaciones que ello trae consigo.<\/p>\n\n\n\n<p>\u201cDefinitivamente habr\u00e1 muchas bodas\u201d, augur\u00f3 Albavera Viveros, al reconocer que los matrimonios igualitarios cada vez van ganando m\u00e1s terreno y solamente falta un estado del pa\u00eds en aprobarlo, con lo que se estar\u00eda naturalizando la nueva normalidad acerca de los casamientos civiles entre personas del mismo sexo y con ello ajustarse a la realidad, cambios, modificaci\u00f3n y transformaci\u00f3n de muchas cosas de siglos pasados en Taxco, Guerrero, M\u00e9xico y Am\u00e9rica Latina.<\/p>\n\n\n\n<p>Puntualiz\u00f3 que esa aprobaci\u00f3n del poder legislativo vendr\u00e1 a revolucionar a muchas personas con pensamientos de siglos pasados, sin actualizarse sobre las condiciones de vida de antes y ahora y olvidando los cambios en la historia de la humanidad, por lo que se tendr\u00e1n nuevas reglas y formas de ejercer los derechos por medio de la construcci\u00f3n de un marco jur\u00eddico igualitario y ajustado a la actualidad.<\/p>\n\n\n\n<p>Sostuvo que la perspectiva de EAM como agrupaci\u00f3n que trabaja a favor de los derechos humanos de mujeres y hombres y desde su punto de vista personal antropol\u00f3gico, la aprobaci\u00f3n de los matrimonios igualitarios en Guerrero ayuda en la profundizaci\u00f3n y ampliaci\u00f3n del ejercicio de la democracia, \u201ccuando los derechos humanos de las personas se pueden ejercer a plenitud ganamos todos\u201d.<\/p>\n\n\n\n<p>Eva Albavera Viveros, mencion\u00f3 que m\u00e1s all\u00e1 de la decisi\u00f3n de algunas personas de no valorar ni aceptar esa determinaci\u00f3n del Congreso Local por cuestiones religiosas o situaciones tradicionales, pero se trata de un precepto jur\u00eddico que el estado debe reconocerlo a trav\u00e9s de sus poderes legislativo y ejecutivo, \u201cla familia tradicional nuclear se ha modificado y se encuentra en momentos distintos\u201d.<\/p>\n\n\n\n<p>Acept\u00f3 la existencia de comunidades conservadoras o personas inconformes con ese cambio jur\u00eddico avalado por el poder legislativo de Guerrero, sin embargo, consider\u00f3 que es momento de una realidad existente donde cada vez se ver\u00e1n m\u00e1s matrimonios igualitarios sin la necesidad de trasladarse a lugares como la Ciudad de M\u00e9xico para casarse por la v\u00eda civil.<\/p>\n\n\n\n<p>Incluso, habl\u00f3 de la importancia de que los institutos partidistas est\u00e9n a la vanguardia en ese tipo de sucesos, para aceptar la realidad y garantizar las condiciones para ejercer los derechos pol\u00edticos de las personas que no son heterosexuales.<\/p>\n","protected":false},"excerpt":{"rendered":"<p>&#8212; La activista Eva Albavera reconoce la disposici\u00f3n de los diputados locales Alejandro G\u00f3mez Sotelo La aprobaci\u00f3n de los matrimonios igualitarios por parte de la mayor\u00eda de diputadas y diputados&hellip; <\/p>\n","protected":false},"author":15,"featured_media":52797,"comment_status":"open","ping_status":"open","sticky":false,"template":"","format":"standard","meta":{"fifu_image_url":"","fifu_image_alt":"","footnotes":""},"categories":[29],"tags":[],"class_list":["post-52796","post","type-post","status-publish","format-standard","has-post-thumbnail","hentry","category-sociedad"],"_links":{"self":[{"href":"https:\/\/www.interaccionnoticias.com.mx\/index.php?rest_route=\/wp\/v2\/posts\/52796","targetHints":{"allow":["GET"]}}],"collection":[{"href":"https:\/\/www.interaccionnoticias.com.mx\/index.php?rest_route=\/wp\/v2\/posts"}],"about":[{"href":"https:\/\/www.interaccionnoticias.com.mx\/index.php?rest_route=\/wp\/v2\/types\/post"}],"author":[{"embeddable":true,"href":"https:\/\/www.interaccionnoticias.com.mx\/index.php?rest_route=\/wp\/v2\/users\/15"}],"replies":[{"embeddable":true,"href":"https:\/\/www.interaccionnoticias.com.mx\/index.php?rest_route=%2Fwp%2Fv2%2Fcomments&post=52796"}],"version-history":[{"count":1,"href":"https:\/\/www.interaccionnoticias.com.mx\/index.php?rest_route=\/wp\/v2\/posts\/52796\/revisions"}],"predecessor-version":[{"id":52798,"href":"https:\/\/www.interaccionnoticias.com.mx\/index.php?rest_route=\/wp\/v2\/posts\/52796\/revisions\/52798"}],"wp:featuredmedia":[{"embeddable":true,"href":"https:\/\/www.interaccionnoticias.com.mx\/index.php?rest_route=\/wp\/v2\/media\/52797"}],"wp:attachment":[{"href":"https:\/\/www.interaccionnoticias.com.mx\/index.php?rest_route=%2Fwp%2Fv2%2Fmedia&parent=52796"}],"wp:term":[{"taxonomy":"category","embeddable":true,"href":"https:\/\/www.interaccionnoticias.com.mx\/index.php?rest_route=%2Fwp%2Fv2%2Fcategories&post=52796"},{"taxonomy":"post_tag","embeddable":true,"href":"https:\/\/www.interaccionnoticias.com.mx\/index.php?rest_route=%2Fwp%2Fv2%2Ftags&post=52796"}],"curies":[{"name":"wp","href":"https:\/\/api.w.org\/{rel}","templated":true}]}}