{"id":5275,"date":"2017-06-12T18:06:40","date_gmt":"2017-06-12T23:06:40","guid":{"rendered":"http:\/\/www.inter-accion.com.mx\/?p=5275"},"modified":"2017-06-12T18:06:40","modified_gmt":"2017-06-12T23:06:40","slug":"mono-luctuoso-por-militares-fallecidos","status":"publish","type":"post","link":"https:\/\/www.interaccionnoticias.com.mx\/?p=5275","title":{"rendered":"Mo\u00f1o luctuoso por militares fallecidos"},"content":{"rendered":"<p><strong>Se contin\u00faa la b\u00fasqueda de otros<\/strong><br \/>\n<strong>Acapulco, Gro.-<\/strong> El general de brigada y comandante de la IX Regi\u00f3n Militar, Germ\u00e1n Javier Jim\u00e9nez Mendoza y todos los soldados portaban un mo\u00f1o luctuoso por la muerte de tres militares y otros desaparecidos.<br \/>\n\u201cComo ustedes ven, todos (los militares de la Regi\u00f3n Militar) portamos el list\u00f3n de luto, y no quisiera que se mezclara este asunto (de la entrega de uniformes) con la muerte de los soldados\u201d, dijo escuetamente.<br \/>\nTambi\u00e9n se neg\u00f3 a opinar con relaci\u00f3n a las declaraciones del obispo de Chilpancingo Salvador Rangel Mendoza, en el sentido de que elementos del Ej\u00e9rcito Mexicano deber\u00eda ir las zonas conflictivas y no hacer retenes porque algo est\u00e1 fallando en los operativos de seguridad.<br \/>\n\u201cYo preferir\u00eda, por esta ocasi\u00f3n, hablar \u00fanica y exclusivamente de los uniformes y el obispo Rangel, merece mis respetos\u201d, dijo el jefe militar en el estado de Guerrero, tras haber entregado&nbsp; uniformes al personal militar.<\/p>\n","protected":false},"excerpt":{"rendered":"<p>Se contin\u00faa la b\u00fasqueda de otros Acapulco, Gro.- El general de brigada y comandante de la IX Regi\u00f3n Militar, Germ\u00e1n Javier Jim\u00e9nez Mendoza y todos los soldados portaban un mo\u00f1o&hellip; <\/p>\n","protected":false},"author":1,"featured_media":0,"comment_status":"closed","ping_status":"closed","sticky":false,"template":"","format":"standard","meta":{"fifu_image_url":"","fifu_image_alt":"","footnotes":""},"categories":[8,23],"tags":[],"class_list":["post-5275","post","type-post","status-publish","format-standard","hentry","category-featured","category-regionales"],"_links":{"self":[{"href":"https:\/\/www.interaccionnoticias.com.mx\/index.php?rest_route=\/wp\/v2\/posts\/5275","targetHints":{"allow":["GET"]}}],"collection":[{"href":"https:\/\/www.interaccionnoticias.com.mx\/index.php?rest_route=\/wp\/v2\/posts"}],"about":[{"href":"https:\/\/www.interaccionnoticias.com.mx\/index.php?rest_route=\/wp\/v2\/types\/post"}],"author":[{"embeddable":true,"href":"https:\/\/www.interaccionnoticias.com.mx\/index.php?rest_route=\/wp\/v2\/users\/1"}],"replies":[{"embeddable":true,"href":"https:\/\/www.interaccionnoticias.com.mx\/index.php?rest_route=%2Fwp%2Fv2%2Fcomments&post=5275"}],"version-history":[{"count":0,"href":"https:\/\/www.interaccionnoticias.com.mx\/index.php?rest_route=\/wp\/v2\/posts\/5275\/revisions"}],"wp:attachment":[{"href":"https:\/\/www.interaccionnoticias.com.mx\/index.php?rest_route=%2Fwp%2Fv2%2Fmedia&parent=5275"}],"wp:term":[{"taxonomy":"category","embeddable":true,"href":"https:\/\/www.interaccionnoticias.com.mx\/index.php?rest_route=%2Fwp%2Fv2%2Fcategories&post=5275"},{"taxonomy":"post_tag","embeddable":true,"href":"https:\/\/www.interaccionnoticias.com.mx\/index.php?rest_route=%2Fwp%2Fv2%2Ftags&post=5275"}],"curies":[{"name":"wp","href":"https:\/\/api.w.org\/{rel}","templated":true}]}}