{"id":52694,"date":"2022-10-31T14:06:55","date_gmt":"2022-10-31T20:06:55","guid":{"rendered":"https:\/\/interaccionnoticias.com.mx\/?p=52694"},"modified":"2022-10-31T14:07:01","modified_gmt":"2022-10-31T20:07:01","slug":"vidulfo-detencion-de-leonardo-vazquez-debe-dar-fuerza-a-la-investigacion-contra-angel-aguirre","status":"publish","type":"post","link":"https:\/\/www.interaccionnoticias.com.mx\/?p=52694","title":{"rendered":"Vidulfo: detenci\u00f3n de Leonardo V\u00e1zquez debe dar fuerza a la investigaci\u00f3n contra \u00c1ngel Aguirre"},"content":{"rendered":"\n<p><strong><em>&#8212; El abogado de los padres de los 43, sostiene que la investigaci\u00f3n contra las autoridades estatales existe, aunque no ha tenido los avances necesarios<br>&#8212; Los padres de los 43 pidieron que se indagara al gobierno de Aguirre Rivero, asegura<\/em><\/strong><\/p>\n\n\n\n<p><strong>Rogelio Agust\u00edn<\/strong><\/p>\n\n\n\n<p>El abogado del colectivo \u201cNos Faltan 43\u201d, Vidulfo Rosales Sierra sostuvo que la detenci\u00f3n del ex titular de la Secretar\u00eda de Seguridad P\u00fablica (SSP), Leonardo Octavio V\u00e1zquez P\u00e9rez por supuestos v\u00ednculos con la delincuencia organizada, abre la posibilidad de que las investigaciones del caso Ayotzinapa se dirijan hacia el ex gobernador \u00c1ngel Aguirre Rivero.<\/p>\n\n\n\n<p>Rosales Sierra, sostiene que contrario a lo que se\u00f1ala p\u00fablicamente, s\u00ed hay una investigaci\u00f3n que se despliega en contra del ex mandatario estatal, derivado de los hechos del 26 de septiembre de 2014, en Iguala de la Independencia.<\/p>\n\n\n\n<p>\u201cHasta ahora no ha habido elementos, es cierto, pero la investigaci\u00f3n est\u00e1 en curso\u201d, admite el tambi\u00e9n integrante del Centro de Derechos Humanos de la Monta\u00f1a, Tlachinollan.<\/p>\n\n\n\n<p>Tan existe la investigaci\u00f3n, \u201cque hubo una orden de aprehensi\u00f3n contra su procurador general de aquel tiempo, la cual se dej\u00f3 sin efecto, pero ah\u00ed est\u00e1 la indagatoria\u201d.<\/p>\n\n\n\n<p>De hecho, salud\u00f3 el hecho de que Aguirre haya anunciado que el ex fiscal I\u00f1aky Blanco Cabera vaya a ser su abogado en la presentaci\u00f3n de una denuncia por da\u00f1o moral, \u201cya que se trata de un abogado que enfrenta procedimientos penales\u201d.<\/p>\n\n\n\n<p>Dijo que durante la \u00faltima reuni\u00f3n que los padres y madres de los 43 normalistas sostuvieron con el presidente de la Rep\u00fablica, Andr\u00e9s Manuel L\u00f3pez Obrador, se habl\u00f3 precisamente sobre la orden de aprehensi\u00f3n que no se ejecut\u00f3 en contra de Blanco Cabrera.<\/p>\n\n\n\n<p>\u201cSe va a estudiar la posibilidad de reabrir, eso ya lo hemos platicado con el presidente\u201d, anot\u00f3.<\/p>\n\n\n\n<p>El elemento m\u00e1s reciente de que la investigaci\u00f3n hacia la administraci\u00f3n de Aguirre Rivero est\u00e1 en curso, de acuerdo con Rosales Sierra, es el hecho de que su ex titular de Seguridad P\u00fablica, Leonardo V\u00e1zquez acaba de ser detenido.<\/p>\n\n\n\n<p>\u201cEsa es la investigaci\u00f3n que se est\u00e1 realizando, esa no sigue porque yo quiera, es un reclamo de las madres y padres, lo pide Guerrero y lo pide el pa\u00eds\u201d, anot\u00f3.<\/p>\n\n\n\n<p>Indic\u00f3 que el asunto se tiene que esclarecer y por eso es que las investigaciones avanzan.<\/p>\n\n\n\n<p>Asever\u00f3: \u201cEsa l\u00ednea de investigaci\u00f3n existe, los padres la platearon, se llama autoridades estatales en Guerrero y se esta indagando, esa no ha quedado fuera\u201d.<\/p>\n\n\n\n<p><strong>No hay nada personal<\/strong><\/p>\n\n\n\n<p>El abogado Rosales aclara que los comentarios que hace en torno a las responsabilidades de la administraci\u00f3n que encabez\u00f3 Aguirre, se realizan en el contexto de las acciones y omisiones registradas durante los hechos del 26 de septiembre.<\/p>\n\n\n\n<p>\u201cDesde mi punto de vista se cometieron omisiones, ya las autoridades establecer\u00e1n si tengo o no raz\u00f3n, pero si se tiene a disposici\u00f3n a cientos de polic\u00edas en Acapulco y Chilpancingo, que est\u00e1n a una y dos horas de distancia, horno se puede entender porque en Iguala los hechos duraron cuatro y hasta cinco horas sin que se hiciera nada\u201d.<\/p>\n\n\n\n<p>Record\u00f3 que en Chilpancingo, cuando se realiza una protesta de car\u00e1cter social, inmediatamente se moviliza la cantidad de polic\u00edas que se considera necesaria.<\/p>\n\n\n\n<p>Sin embargo, el 26 de septiembre los ataques a los normalistas se prolongaron hasta por cinco horas y los polic\u00edas estatales no llegaron.<\/p>\n\n\n\n<p>Esas omisiones, son parte de la raz\u00f3n por la que el teniente retirado, Leonardo V\u00e1zquez est\u00e1 detenido.<\/p>\n\n\n\n<p>Por esa raz\u00f3n, sostuvo que la detenci\u00f3n del ex secretario de Seguridad P\u00fablica, pone en el centro de la investigaci\u00f3n al ex gobernador, \u201cporque apunta hacia la m\u00e1s alta autoridad del estado\u201d.<\/p>\n\n\n\n<p>Indic\u00f3 que \u00e9l no tiene ninguna diferencia personal con el ex mandatario, pues los comentarios en los que se le alude, van relacionados con la responsabilidad que ten\u00eda como gobernador.<\/p>\n\n\n\n<p>\u201cNo soy yo, los padres de familia tienen un dolor y se expresan contra quienes ten\u00edan responsabilidades publicas\u201d, apunta.<\/p>\n\n\n\n<p><strong>S\u00ed hubo dialogo en parte de su administraci\u00f3n<\/strong><\/p>\n\n\n\n<p>Vidulfo Rosales reconoce que en el inicio de la gesti\u00f3n del ex mandatario, Tlachinollan s\u00ed ten\u00eda buena relaci\u00f3n con \u00e9l.<\/p>\n\n\n\n<p>\u201cHay que recordar que lo postul\u00f3 el PRD, nosotros cre\u00edmos que habr\u00eda una situaci\u00f3n diferente, Tlachinollan no est\u00e1 en la din\u00e1mica de pelear con medio mundo, lo que se hace es establecer relaciones, acercamientos con los gobiernos para resolver las demandas de la gente\u201d.<\/p>\n\n\n\n<p>Sin embargo, record\u00f3 que comenzaron a registrarse desapariciones como las de Eva Alarc\u00f3n y Marcial Bautista, campesinos ecologistas de la Costa Grande, el asesinato de Arturo Hern\u00e1ndez Cardona y los ataques contra la Normal Rural de Ayotzinapa, de tal suerte que debieron colocarse del lado de las v\u00edctimas.<\/p>\n\n\n\n<p>Explica la raz\u00f3n: \u201cNosotros estamos al lado de la gente, yo debo ubicarme en el lugar que me corresponde, no me voy a colocar del lado de las autoridades porque eso no es lo que hace Tlachinollan\u201d.<\/p>\n\n\n\n<p>Indic\u00f3 que despu\u00e9s de 2011, cuando se genera el asesinato de los estudiantes Alexis Herrera Pino y Gabriel Echeverr\u00eda de Jes\u00fas, lejos de buscar el acercamiento con la Normal Rural, hubo una campa\u00f1a de estigmatizaci\u00f3n en contra de su base estudiantil, de tal suerte que para muchas personas estaba justificado agredirlos.<\/p>\n\n\n\n<p><strong>Abogado pobre<\/strong><\/p>\n\n\n\n<p>La semana pasada, el ex gobernador Aguirre Rivero sostuvo que Tlachinollan recibe financiamiento del extranjero y que Vidulfo Rosales cobra su salario en d\u00f3lares.<\/p>\n\n\n\n<p>El aludido responde: \u201cYa quisiera cobrar como \u00e9l cobraba cuando fue gobernador; yo gano 5 mil 700 pesos quincenales, Tlachinollan es una organizaci\u00f3n austera, tiene como 20 trabajadores y somos 8 en el \u00e1rea jur\u00eddica\u201d.<\/p>\n\n\n\n<p>Respecto al financiamiento, dijo que se obtiene a trav\u00e9s de fundaciones que otorgan recursos para proyectos en materia de derechos humanos, esas fundaciones pueden ser nacionales o extranjeras.<\/p>\n\n\n\n<p>\u201cSe debe concursar bajo un proyecto que se presenta, si las fundaciones consideran que eres id\u00f3neo te lo dan y si no, pues no, eres objeto de constante fiscalizaci\u00f3n y definitivamente, apenas nos alcanza el salario para comer y pagar renta\u201d.<\/p>\n\n\n\n<p>Contin\u00faa: \u201cYo no me he enriquecido; no tengo carro particular, muchos me critican por mi forma de vivir, aplican la frase de abogado pobre\/pobre abogado\u201d.<\/p>\n\n\n\n<p>En esa parte, dijo que no tiene ning\u00fan problema en que se sepa cuanto gana como abogado del CDHM-Tlachinollan.<\/p>\n","protected":false},"excerpt":{"rendered":"<p>&#8212; El abogado de los padres de los 43, sostiene que la investigaci\u00f3n contra las autoridades estatales existe, aunque no ha tenido los avances necesarios&#8212; Los padres de los 43&hellip; <\/p>\n","protected":false},"author":21,"featured_media":52695,"comment_status":"open","ping_status":"open","sticky":false,"template":"","format":"standard","meta":{"fifu_image_url":"","fifu_image_alt":"","footnotes":""},"categories":[15],"tags":[],"class_list":["post-52694","post","type-post","status-publish","format-standard","has-post-thumbnail","hentry","category-movimientos-sociales"],"_links":{"self":[{"href":"https:\/\/www.interaccionnoticias.com.mx\/index.php?rest_route=\/wp\/v2\/posts\/52694","targetHints":{"allow":["GET"]}}],"collection":[{"href":"https:\/\/www.interaccionnoticias.com.mx\/index.php?rest_route=\/wp\/v2\/posts"}],"about":[{"href":"https:\/\/www.interaccionnoticias.com.mx\/index.php?rest_route=\/wp\/v2\/types\/post"}],"author":[{"embeddable":true,"href":"https:\/\/www.interaccionnoticias.com.mx\/index.php?rest_route=\/wp\/v2\/users\/21"}],"replies":[{"embeddable":true,"href":"https:\/\/www.interaccionnoticias.com.mx\/index.php?rest_route=%2Fwp%2Fv2%2Fcomments&post=52694"}],"version-history":[{"count":1,"href":"https:\/\/www.interaccionnoticias.com.mx\/index.php?rest_route=\/wp\/v2\/posts\/52694\/revisions"}],"predecessor-version":[{"id":52696,"href":"https:\/\/www.interaccionnoticias.com.mx\/index.php?rest_route=\/wp\/v2\/posts\/52694\/revisions\/52696"}],"wp:featuredmedia":[{"embeddable":true,"href":"https:\/\/www.interaccionnoticias.com.mx\/index.php?rest_route=\/wp\/v2\/media\/52695"}],"wp:attachment":[{"href":"https:\/\/www.interaccionnoticias.com.mx\/index.php?rest_route=%2Fwp%2Fv2%2Fmedia&parent=52694"}],"wp:term":[{"taxonomy":"category","embeddable":true,"href":"https:\/\/www.interaccionnoticias.com.mx\/index.php?rest_route=%2Fwp%2Fv2%2Fcategories&post=52694"},{"taxonomy":"post_tag","embeddable":true,"href":"https:\/\/www.interaccionnoticias.com.mx\/index.php?rest_route=%2Fwp%2Fv2%2Ftags&post=52694"}],"curies":[{"name":"wp","href":"https:\/\/api.w.org\/{rel}","templated":true}]}}