{"id":5252,"date":"2017-06-11T20:56:15","date_gmt":"2017-06-12T01:56:15","guid":{"rendered":"http:\/\/www.inter-accion.com.mx\/?p=5252"},"modified":"2017-06-11T20:56:15","modified_gmt":"2017-06-12T01:56:15","slug":"la-apm-avala-encuentros-del-obispo-salvador-rangel-con-el-crimen-organizado","status":"publish","type":"post","link":"https:\/\/www.interaccionnoticias.com.mx\/?p=5252","title":{"rendered":"La APM avala encuentros del obispo Salvador Rangel con el crimen organizado"},"content":{"rendered":"<p><strong>ha logrado lo que las autoridades no, se\u00f1ala un art\u00edculo incluido en el semanario Desde la Fe &nbsp;<\/strong><br \/>\nEl semanario cat\u00f3lico Desde la Fe, editado por la Arquidi\u00f3cesis Primada de M\u00e9xico (APM), incluy\u00f3 en sus contenidos un art\u00edculo titulado \u201cEl pa\u00eds se desangra\u201d, en el que pondera los resultados positivos que arrojan las reuniones del obispo Salvador Rangel Mendoza con integrantes del crimen organizado.<\/p>\n<p class=\"m_3346406178375722650MsoNoSpacing\">Para la APM, es necesario que la Iglesia promueva acuerdos de paz con los criminales, ante la incapacidad de las autoridades para garantizar la seguridad.<\/p>\n<p class=\"m_3346406178375722650MsoNoSpacing\">En la edici\u00f3n de \u201cDesde la Fe, se anota que durante las \u00faltimas semanas, en distintas regiones del pa\u00eds la violencia he propiciado un lamentable derramamiento de sangre, pues no ha dado tregua.<\/p>\n<p class=\"m_3346406178375722650MsoNoSpacing\">Por eso, dedica una parte del texto a las platicas que el obispo Rangel Mendoza sostuvo con varios l\u00edderes de organizaciones delictivas.<\/p>\n<p class=\"m_3346406178375722650MsoNoSpacing\">Ante la ausencia de autoridades que logren controlar al crimen, \u201ces necesario que actores con autoridad moral salgan a dar la cara para acordar, por lo menos, algunas cl\u00e1usulas de paz y seguridad para ciertos sectores que, en el pasado, gozaban de respeto\u201d.<span class=\"m_3346406178375722650apple-converted-space\">&nbsp;<\/span><\/p>\n<p class=\"m_3346406178375722650MsoNoSpacing\">&nbsp;Se hace referencia al hecho de qu\u00e9, el 28 de mayo, el obispo Salvador Rangel Mendoza se reuni\u00f3 con miembros de la delincuencia organizada para acordar lo que las autoridades no han podido garantizar: seguridad para la poblaci\u00f3n.<\/p>\n<p class=\"m_3346406178375722650MsoNoSpacing\">En el texto se reconoce que las reuniones de Rangel Mendoza han provocado la molestia de autoridades \u201cque han enarbolado el discurso triunfalista de que todo va bien, de que no hay<span class=\"m_3346406178375722650apple-converted-space\">&nbsp;<\/span> problemas ni dificultades, que en el fondo lo que buscan ocultar es la verdad\u201d.<\/p>\n<p class=\"m_3346406178375722650MsoNoSpacing\">Reconoce que el clero \u201cno se salva del horror\u201d que genera la violencia del crimen, por lo que ponderan el trabajo del obispo.<\/p>\n<p class=\"m_3346406178375722650MsoNoSpacing\">&nbsp; \u201cEl clero de la regi\u00f3n, as\u00ed como de otras partes del pa\u00eds, no se salva de este horror que ni siquiera se vio en la era del comunismo o en las persecuciones religiosas, por el nivel descarnado e inmisericorde que la delincuencia hace de la violencia si no hay respuesta a sus demandas y amenazas\u201d, enfatiza el articulo.<\/p>\n<p class=\"m_3346406178375722650MsoNoSpacing\">En el mismo documento, se anota que varios sacerdotes deben de manera obligatoria pagar una \u201ccuota por derecho de piso para realizar sus actividades parroquiales\u201d, de lo contrario se colocan en una posici\u00f3n de riesgo.<\/p>\n<p class=\"m_3346406178375722650MsoNoSpacing\">Pero el pago de dicha cuota puede ser lo menos importante, pues se anota que \u201cmuchos sacerdotes en comunidades apartadas del pa\u00eds son blanco f\u00e1cil y viven bajo la gran presi\u00f3n del crimen organizado, que les impide realizar su misi\u00f3n evangelizadora, prohibi\u00e9ndoles incluso pronunciar la palabra narcotr\u00e1fico o hacer alg\u00fan cuestionamiento que ponga de manifiesto su inmoral actuaci\u00f3n, pues lo pagan con la vida\u201d.<\/p>\n","protected":false},"excerpt":{"rendered":"<p>ha logrado lo que las autoridades no, se\u00f1ala un art\u00edculo incluido en el semanario Desde la Fe &nbsp; El semanario cat\u00f3lico Desde la Fe, editado por la Arquidi\u00f3cesis Primada de&hellip; <\/p>\n","protected":false},"author":1,"featured_media":0,"comment_status":"closed","ping_status":"closed","sticky":false,"template":"","format":"standard","meta":{"fifu_image_url":"","fifu_image_alt":"","footnotes":""},"categories":[8,15],"tags":[],"class_list":["post-5252","post","type-post","status-publish","format-standard","hentry","category-featured","category-movimientos-sociales"],"_links":{"self":[{"href":"https:\/\/www.interaccionnoticias.com.mx\/index.php?rest_route=\/wp\/v2\/posts\/5252","targetHints":{"allow":["GET"]}}],"collection":[{"href":"https:\/\/www.interaccionnoticias.com.mx\/index.php?rest_route=\/wp\/v2\/posts"}],"about":[{"href":"https:\/\/www.interaccionnoticias.com.mx\/index.php?rest_route=\/wp\/v2\/types\/post"}],"author":[{"embeddable":true,"href":"https:\/\/www.interaccionnoticias.com.mx\/index.php?rest_route=\/wp\/v2\/users\/1"}],"replies":[{"embeddable":true,"href":"https:\/\/www.interaccionnoticias.com.mx\/index.php?rest_route=%2Fwp%2Fv2%2Fcomments&post=5252"}],"version-history":[{"count":0,"href":"https:\/\/www.interaccionnoticias.com.mx\/index.php?rest_route=\/wp\/v2\/posts\/5252\/revisions"}],"wp:attachment":[{"href":"https:\/\/www.interaccionnoticias.com.mx\/index.php?rest_route=%2Fwp%2Fv2%2Fmedia&parent=5252"}],"wp:term":[{"taxonomy":"category","embeddable":true,"href":"https:\/\/www.interaccionnoticias.com.mx\/index.php?rest_route=%2Fwp%2Fv2%2Fcategories&post=5252"},{"taxonomy":"post_tag","embeddable":true,"href":"https:\/\/www.interaccionnoticias.com.mx\/index.php?rest_route=%2Fwp%2Fv2%2Ftags&post=5252"}],"curies":[{"name":"wp","href":"https:\/\/api.w.org\/{rel}","templated":true}]}}