{"id":5226,"date":"2017-06-10T19:47:10","date_gmt":"2017-06-11T00:47:10","guid":{"rendered":"http:\/\/www.inter-accion.com.mx\/?p=5226"},"modified":"2017-06-10T19:47:10","modified_gmt":"2017-06-11T00:47:10","slug":"homicidio-de-seis-personas-brutal-haf","status":"publish","type":"post","link":"https:\/\/www.interaccionnoticias.com.mx\/?p=5226","title":{"rendered":"Homicidio de seis personas, brutal: HAF"},"content":{"rendered":"<p>se investigar\u00e1 hasta sus \u00faltimas consecuencias<br \/>\n<strong>Acapulco, Gro.-<\/strong> \u201cAlgo inaceptable y brutal\u201d, calific\u00f3 el gobernador H\u00e9ctor Astudillo, lo sucedido el viernes en la comunidad rural de San Pedro Cacahuatepec, en Acapulco, donde seis personas fueron asesinadas, entre ellos un menor de edad y tres m\u00e1s heridos de bala.<br \/>\n\u201cEl hecho de que menores de edad hayan fallecido, por todo lo que se conoce hasta este momento, independientemente de lo que est\u00e1 haciendo la fiscal\u00eda, el gobernador del estado tiene claridad que este tipo de organizaciones, sea cual sea, no est\u00e1n facultadas para actuar de esta manera.<br \/>\n\u201cEl llamado del gobernador, independiente del trabajo de la Fiscal\u00eda (de Guerrero), sea quienes hayan hecho (los homicidios), sean miembros de una organizaci\u00f3n, se entreguen, declaren y precisen bajo qu\u00e9 circunstancias pudo haber tenido alguien armado, una participaci\u00f3n en donde le quitaron la vida hasta menores de edad, menores de un a\u00f1o\u201d, reproch\u00f3.<br \/>\nEntrevistado al terminar el recorrido por el nuevo hospital general de \u201cEl Quemado\u201d, Astudillo Flores, dijo que su gobierno tiene una gran determinaci\u00f3n para que en el caso de las seis personas ultimadas se llegue hasta sus \u00faltimas consecuencias a trav\u00e9s de la ruta legal.<br \/>\nRemarc\u00f3 que organizaciones (como la Uni\u00f3n de Pueblos y Organizaciones del Estado de Guerrero) de este tipo de organizaciones son grupos armados, que no defienden de ninguna manera el inter\u00e9s del pueblo, \u201cdefienden intereses de grupo que ocasionan este tipo de problemas\u201d, recrimin\u00f3.<br \/>\nAstudillo Flores dijo que con el apoyo del gobierno federal, pondr\u00e1n un hasta aqu\u00ed a este tipo de grupos de civiles armados que toman determinaciones y acciones que llegan hasta la barbaridad.<br \/>\n-\u00bfCu\u00e1ntos grupos reconoce el Gobierno del Estado?<br \/>\n-Al \u00fanico grupo que reconoce (el gobierno estatal) y est\u00e1 hasta en t\u00e9rminos de la ley, es la CRAC. Ning\u00fan otro grupo est\u00e1 reconocido por el gobierno del estado, ni por la federaci\u00f3n, precisamente por cuestiones como las que ustedes han conocido en esta ocasi\u00f3n.<br \/>\n-\u00bfDeben desarmarse?<br \/>\n-Yo creo que el asunto se va acercando a eso, a tomar una determinaci\u00f3n de fondo. No es posible que sigan actuando disfrazados en defensores del pueblo y agredan a al pueblo, respondi\u00f3.<br \/>\nSin mencionarlo el mandatario estatal, llam\u00f3 a los alcaldes para que sus cuerpos de seguridad act\u00faen en la prevenci\u00f3n del delito.<br \/>\n\u201cYo creo que es una labor en conjunto de todos, tambi\u00e9n tiene que haber una acci\u00f3n de la polic\u00eda municipal, no solamente en Acapulco, para que no vayan a amarrar navajas, en todo lugar donde hay polic\u00eda, las polic\u00edas municipales tienen que actuar\u201d, finaliz\u00f3.<\/p>\n","protected":false},"excerpt":{"rendered":"<p>se investigar\u00e1 hasta sus \u00faltimas consecuencias Acapulco, Gro.- \u201cAlgo inaceptable y brutal\u201d, calific\u00f3 el gobernador H\u00e9ctor Astudillo, lo sucedido el viernes en la comunidad rural de San Pedro Cacahuatepec, en&hellip; <\/p>\n","protected":false},"author":1,"featured_media":0,"comment_status":"closed","ping_status":"closed","sticky":false,"template":"","format":"standard","meta":{"fifu_image_url":"","fifu_image_alt":"","footnotes":""},"categories":[8,11],"tags":[],"class_list":["post-5226","post","type-post","status-publish","format-standard","hentry","category-featured","category-guerrero"],"_links":{"self":[{"href":"https:\/\/www.interaccionnoticias.com.mx\/index.php?rest_route=\/wp\/v2\/posts\/5226","targetHints":{"allow":["GET"]}}],"collection":[{"href":"https:\/\/www.interaccionnoticias.com.mx\/index.php?rest_route=\/wp\/v2\/posts"}],"about":[{"href":"https:\/\/www.interaccionnoticias.com.mx\/index.php?rest_route=\/wp\/v2\/types\/post"}],"author":[{"embeddable":true,"href":"https:\/\/www.interaccionnoticias.com.mx\/index.php?rest_route=\/wp\/v2\/users\/1"}],"replies":[{"embeddable":true,"href":"https:\/\/www.interaccionnoticias.com.mx\/index.php?rest_route=%2Fwp%2Fv2%2Fcomments&post=5226"}],"version-history":[{"count":0,"href":"https:\/\/www.interaccionnoticias.com.mx\/index.php?rest_route=\/wp\/v2\/posts\/5226\/revisions"}],"wp:attachment":[{"href":"https:\/\/www.interaccionnoticias.com.mx\/index.php?rest_route=%2Fwp%2Fv2%2Fmedia&parent=5226"}],"wp:term":[{"taxonomy":"category","embeddable":true,"href":"https:\/\/www.interaccionnoticias.com.mx\/index.php?rest_route=%2Fwp%2Fv2%2Fcategories&post=5226"},{"taxonomy":"post_tag","embeddable":true,"href":"https:\/\/www.interaccionnoticias.com.mx\/index.php?rest_route=%2Fwp%2Fv2%2Ftags&post=5226"}],"curies":[{"name":"wp","href":"https:\/\/api.w.org\/{rel}","templated":true}]}}