{"id":5221,"date":"2017-06-10T19:41:35","date_gmt":"2017-06-11T00:41:35","guid":{"rendered":"http:\/\/www.inter-accion.com.mx\/?p=5221"},"modified":"2017-06-10T19:41:35","modified_gmt":"2017-06-11T00:41:35","slug":"en-chilpancingo-matan-a-cinco-casi-en-forma-simultanea","status":"publish","type":"post","link":"https:\/\/www.interaccionnoticias.com.mx\/?p=5221","title":{"rendered":"En Chilpancingo, matan a cinco casi en forma simult\u00e1nea"},"content":{"rendered":"<p><strong>En tres puntos diferentes; no hay detenidos &nbsp;<\/strong><br \/>\nAunque la vigilancia polic\u00edaca se increment\u00f3 en los \u00faltimos d\u00edas, entre las 14 y 15:30 horas del s\u00e1bado 10 de junio, en diferentes puntos de la capital de Guerrero se registraron ataques armados que dejaron el saldo de cinco personas muertas.<br \/>\nEl primer hecho se registr\u00f3 alrededor de las 14:30 horas en la ampliaci\u00f3n L\u00e1zaro C\u00e1rdenas, colonia ubicada en la parte norte de la ciudad, cuando tres hombres que se desplazaban a bordo de un auto tipo Shadow fueron atacados a balazos por desconocidos.<br \/>\nLa unidad qued\u00f3 con la trompa inclinada hacia una barda, dos de los ocupantes murieron en los asientos delanteros de la unidad; el conductor vest\u00eda pantal\u00f3n de mezclilla y playera color roja, con las siglas de una empresa refresquera.<br \/>\nLa segunda v\u00edctima vest\u00eda pantal\u00f3n de mezclilla color azul, una sudadera azul con vivos color caf\u00e9, mientras que el tercero fue baleado en el asiento trasero.<br \/>\nLos tres hombres ten\u00edan entre 20 y 25 a\u00f1os, todos recibieron impactos de bala en la cabeza, murieron en el sitio del ataque. &nbsp;&nbsp;&nbsp;&nbsp;&nbsp;&nbsp;<br \/>\nDespu\u00e9s, alrededor de las 15:00, en la parte alta del mercado Baltazar R. Leyva Mancilla, un hombre fue ejecutado a balazos por desconocidos, el cad\u00e1ver fue levantado por personal del Servicio M\u00e9dico Forense (Semefo) en las gradas que llevan hacia la antigua terminal de autobuses Flecha Roja.<br \/>\nA los pocos minutos, en la calle Andr\u00e9s Manuel L\u00f3pez Obrador, en la colonia PRD, sobre la parte poniente de la ciudad, desconocidos atacaron a balazos al conductor del taxi 540 &nbsp;de la \u201cL\u00ednea Guerrero\u201d.<br \/>\nEl chofer recibi\u00f3 impactos de bala en varias partes del cuerpo, al momento de la agresi\u00f3n se recarg\u00f3 en el asiento, vest\u00eda pantal\u00f3n de mezclilla y playera color blanca.<br \/>\nLos tres hechos provocaron la movilizaci\u00f3n de personal de la Polic\u00eda Preventiva Municipal, del Estado y de la Federal (PF), aunque entrada la tarde no se ten\u00edan reportes sobre la detenci\u00f3n de personas implicadas en los hechos.<br \/>\nDesde el comienzo de la semana que termina, los patrullajes de la PF, polic\u00eda del estado y del Ej\u00e9rcito Mexicano se incrementaron con la intenci\u00f3n de inhibir las agresiones entre los grupos de delincuentes que se disputan la capital del estado.<br \/>\n&nbsp;&nbsp;<\/p>\n","protected":false},"excerpt":{"rendered":"<p>En tres puntos diferentes; no hay detenidos &nbsp; Aunque la vigilancia polic\u00edaca se increment\u00f3 en los \u00faltimos d\u00edas, entre las 14 y 15:30 horas del s\u00e1bado 10 de junio, en&hellip; <\/p>\n","protected":false},"author":1,"featured_media":0,"comment_status":"closed","ping_status":"closed","sticky":false,"template":"","format":"standard","meta":{"fifu_image_url":"","fifu_image_alt":"","footnotes":""},"categories":[8,27],"tags":[],"class_list":["post-5221","post","type-post","status-publish","format-standard","hentry","category-featured","category-seguridad-publica"],"_links":{"self":[{"href":"https:\/\/www.interaccionnoticias.com.mx\/index.php?rest_route=\/wp\/v2\/posts\/5221","targetHints":{"allow":["GET"]}}],"collection":[{"href":"https:\/\/www.interaccionnoticias.com.mx\/index.php?rest_route=\/wp\/v2\/posts"}],"about":[{"href":"https:\/\/www.interaccionnoticias.com.mx\/index.php?rest_route=\/wp\/v2\/types\/post"}],"author":[{"embeddable":true,"href":"https:\/\/www.interaccionnoticias.com.mx\/index.php?rest_route=\/wp\/v2\/users\/1"}],"replies":[{"embeddable":true,"href":"https:\/\/www.interaccionnoticias.com.mx\/index.php?rest_route=%2Fwp%2Fv2%2Fcomments&post=5221"}],"version-history":[{"count":0,"href":"https:\/\/www.interaccionnoticias.com.mx\/index.php?rest_route=\/wp\/v2\/posts\/5221\/revisions"}],"wp:attachment":[{"href":"https:\/\/www.interaccionnoticias.com.mx\/index.php?rest_route=%2Fwp%2Fv2%2Fmedia&parent=5221"}],"wp:term":[{"taxonomy":"category","embeddable":true,"href":"https:\/\/www.interaccionnoticias.com.mx\/index.php?rest_route=%2Fwp%2Fv2%2Fcategories&post=5221"},{"taxonomy":"post_tag","embeddable":true,"href":"https:\/\/www.interaccionnoticias.com.mx\/index.php?rest_route=%2Fwp%2Fv2%2Ftags&post=5221"}],"curies":[{"name":"wp","href":"https:\/\/api.w.org\/{rel}","templated":true}]}}