{"id":5210,"date":"2017-06-10T14:48:08","date_gmt":"2017-06-10T19:48:08","guid":{"rendered":"http:\/\/www.inter-accion.com.mx\/?p=5210"},"modified":"2017-06-10T14:48:08","modified_gmt":"2017-06-10T19:48:08","slug":"se-recupera-la-locutora-indigena","status":"publish","type":"post","link":"https:\/\/www.interaccionnoticias.com.mx\/?p=5210","title":{"rendered":"Se recupera la locutora ind\u00edgena"},"content":{"rendered":"<p><strong>A seis d\u00edas de la agresi\u00f3n<\/strong><br \/>\n<strong>La trasladan al IMSS para su recuperaci\u00f3n<\/strong><br \/>\n<strong>Acapulco. Gro.-<\/strong> A seis d\u00edas de la agresi\u00f3n contra la locutora ind\u00edgena, biling\u00fce de Radio y Televisi\u00f3n de Guerrero, Marcela de Jes\u00fas Natalio, se recupera lentamente y fue trasladada al IMSS.<br \/>\nSe indica que la tambi\u00e9n ex presidente del DIF en el municipio de Xochistlahuaca, hasta ayer neurol\u00f3gicamente no presenta s\u00edntomas de deterioro, y de acuerdo con los m\u00e9dicos se reporta estable.<br \/>\nTambi\u00e9n se menciona que est\u00e1 orientada, moviliza espont\u00e1neamente las sus cuatro extremidades.<br \/>\nPor lo anterior, fue trasladada al hospital del Instituto Mexicano del Seguro Social (IMSS) <i>\u201cVicente Guerrero\u201d<\/i>, para su recuperaci\u00f3n, dijo el vocero del Grupo de Coordinaci\u00f3n Guerrero, Roberto \u00c1lvarez Heredia.<\/p>\n","protected":false},"excerpt":{"rendered":"<p>A seis d\u00edas de la agresi\u00f3n La trasladan al IMSS para su recuperaci\u00f3n Acapulco. Gro.- A seis d\u00edas de la agresi\u00f3n contra la locutora ind\u00edgena, biling\u00fce de Radio y Televisi\u00f3n&hellip; <\/p>\n","protected":false},"author":1,"featured_media":0,"comment_status":"closed","ping_status":"closed","sticky":false,"template":"","format":"standard","meta":{"fifu_image_url":"","fifu_image_alt":"","footnotes":""},"categories":[8,23],"tags":[],"class_list":["post-5210","post","type-post","status-publish","format-standard","hentry","category-featured","category-regionales"],"_links":{"self":[{"href":"https:\/\/www.interaccionnoticias.com.mx\/index.php?rest_route=\/wp\/v2\/posts\/5210","targetHints":{"allow":["GET"]}}],"collection":[{"href":"https:\/\/www.interaccionnoticias.com.mx\/index.php?rest_route=\/wp\/v2\/posts"}],"about":[{"href":"https:\/\/www.interaccionnoticias.com.mx\/index.php?rest_route=\/wp\/v2\/types\/post"}],"author":[{"embeddable":true,"href":"https:\/\/www.interaccionnoticias.com.mx\/index.php?rest_route=\/wp\/v2\/users\/1"}],"replies":[{"embeddable":true,"href":"https:\/\/www.interaccionnoticias.com.mx\/index.php?rest_route=%2Fwp%2Fv2%2Fcomments&post=5210"}],"version-history":[{"count":0,"href":"https:\/\/www.interaccionnoticias.com.mx\/index.php?rest_route=\/wp\/v2\/posts\/5210\/revisions"}],"wp:attachment":[{"href":"https:\/\/www.interaccionnoticias.com.mx\/index.php?rest_route=%2Fwp%2Fv2%2Fmedia&parent=5210"}],"wp:term":[{"taxonomy":"category","embeddable":true,"href":"https:\/\/www.interaccionnoticias.com.mx\/index.php?rest_route=%2Fwp%2Fv2%2Fcategories&post=5210"},{"taxonomy":"post_tag","embeddable":true,"href":"https:\/\/www.interaccionnoticias.com.mx\/index.php?rest_route=%2Fwp%2Fv2%2Ftags&post=5210"}],"curies":[{"name":"wp","href":"https:\/\/api.w.org\/{rel}","templated":true}]}}