{"id":52020,"date":"2022-10-18T15:44:10","date_gmt":"2022-10-18T20:44:10","guid":{"rendered":"https:\/\/interaccionnoticias.com.mx\/?p=52020"},"modified":"2022-10-18T15:44:19","modified_gmt":"2022-10-18T20:44:19","slug":"inaugura-agencia-del-ministerio-publico-en-san-miguel-totolapan","status":"publish","type":"post","link":"https:\/\/www.interaccionnoticias.com.mx\/?p=52020","title":{"rendered":"Inaugura Agencia del Ministerio P\u00fablico en San Miguel Totolapan"},"content":{"rendered":"\n<p><strong><em>&#8212; Como parte del esfuerzo encaminado a garantizar justicia para las v\u00edctimas del 5 de octubre<\/em><\/strong><\/p>\n\n\n\n<p><strong>Jes\u00fas Dorantes<\/strong><\/p>\n\n\n\n<p><strong>Chilpancingo, Gro.- <\/strong>A 13 d\u00edas de la masacre de 20 personas, la Fiscal\u00eda General del Estado (FGE) inaugur\u00f3 la Agencia del Ministerio P\u00fablico del Fuero Com\u00fan Auxiliar e Integral en la cabecera municipal de San Miguel Totolapan.<\/p>\n\n\n\n<p>La tarde del martes, en un evento oficial se realiz\u00f3 el corte de list\u00f3n e inauguraci\u00f3n de dichas instalaciones, en donde estuvo la fiscal Sandra Luz Valdovinos Salmer\u00f3n y el secretario de Seguridad P\u00fablica, Evelio M\u00e9ndez G\u00f3mez.<\/p>\n\n\n\n<p>Dentro de su discurso, la titular de la FGE calific\u00f3 la instalaci\u00f3n del Ministerio P\u00fablico, como parte de las acciones encaminadas a regresar la paz al municipio, ante los hechos que dijo: \u00abHan conmocionado al pueblo de Guerrero, a M\u00e9xico y al mundo\u00bb.<\/p>\n\n\n\n<p>La fiscal guerrerense destac\u00f3 que es momento de tomar acciones contundentes, ante retos que amenazan la paz de los guerrerenses.<\/p>\n\n\n\n<p>Las instalaciones del MP, se\u00f1al\u00f3 que forman parte del esfuerzo encaminado a llevar la justicia a las v\u00edctimas de la masacre del 5 de octubre.<\/p>\n\n\n\n<p>\u00abEstamos en camino hacia la consolidaci\u00f3n de la justicia, es un mensaje contundente al pueblo de Guerrero, pero en favor de cada uno de los habitantes de San Miguel Totolapan\u00bb, asegur\u00f3 la titular de la FGE.<\/p>\n\n\n\n<p>Dentro de las nuevas instalaciones, manifest\u00f3 que se brindar\u00e1 atenci\u00f3n integral a las v\u00edctimas, asesor\u00eda jur\u00eddica y acompa\u00f1amiento institucional, para que las v\u00edctimas reciban la justicia&nbsp;que&nbsp;merecen.<\/p>\n","protected":false},"excerpt":{"rendered":"<p>&#8212; Como parte del esfuerzo encaminado a garantizar justicia para las v\u00edctimas del 5 de octubre Jes\u00fas Dorantes Chilpancingo, Gro.- A 13 d\u00edas de la masacre de 20 personas, la&hellip; <\/p>\n","protected":false},"author":8,"featured_media":52021,"comment_status":"open","ping_status":"open","sticky":false,"template":"","format":"standard","meta":{"fifu_image_url":"","fifu_image_alt":"","footnotes":""},"categories":[27],"tags":[],"class_list":["post-52020","post","type-post","status-publish","format-standard","has-post-thumbnail","hentry","category-seguridad-publica"],"_links":{"self":[{"href":"https:\/\/www.interaccionnoticias.com.mx\/index.php?rest_route=\/wp\/v2\/posts\/52020","targetHints":{"allow":["GET"]}}],"collection":[{"href":"https:\/\/www.interaccionnoticias.com.mx\/index.php?rest_route=\/wp\/v2\/posts"}],"about":[{"href":"https:\/\/www.interaccionnoticias.com.mx\/index.php?rest_route=\/wp\/v2\/types\/post"}],"author":[{"embeddable":true,"href":"https:\/\/www.interaccionnoticias.com.mx\/index.php?rest_route=\/wp\/v2\/users\/8"}],"replies":[{"embeddable":true,"href":"https:\/\/www.interaccionnoticias.com.mx\/index.php?rest_route=%2Fwp%2Fv2%2Fcomments&post=52020"}],"version-history":[{"count":1,"href":"https:\/\/www.interaccionnoticias.com.mx\/index.php?rest_route=\/wp\/v2\/posts\/52020\/revisions"}],"predecessor-version":[{"id":52022,"href":"https:\/\/www.interaccionnoticias.com.mx\/index.php?rest_route=\/wp\/v2\/posts\/52020\/revisions\/52022"}],"wp:featuredmedia":[{"embeddable":true,"href":"https:\/\/www.interaccionnoticias.com.mx\/index.php?rest_route=\/wp\/v2\/media\/52021"}],"wp:attachment":[{"href":"https:\/\/www.interaccionnoticias.com.mx\/index.php?rest_route=%2Fwp%2Fv2%2Fmedia&parent=52020"}],"wp:term":[{"taxonomy":"category","embeddable":true,"href":"https:\/\/www.interaccionnoticias.com.mx\/index.php?rest_route=%2Fwp%2Fv2%2Fcategories&post=52020"},{"taxonomy":"post_tag","embeddable":true,"href":"https:\/\/www.interaccionnoticias.com.mx\/index.php?rest_route=%2Fwp%2Fv2%2Ftags&post=52020"}],"curies":[{"name":"wp","href":"https:\/\/api.w.org\/{rel}","templated":true}]}}