{"id":51993,"date":"2022-10-17T15:01:50","date_gmt":"2022-10-17T20:01:50","guid":{"rendered":"https:\/\/interaccionnoticias.com.mx\/?p=51993"},"modified":"2022-10-17T19:02:15","modified_gmt":"2022-10-18T00:02:15","slug":"no-estan-solas-y-no-estan-solos-dice-la-gobernadora-evelyn-salgado-pineda-a-los-calentanos-en-su-primer-informe","status":"publish","type":"post","link":"https:\/\/www.interaccionnoticias.com.mx\/?p=51993","title":{"rendered":"\u201cNo est\u00e1n solas y no est\u00e1n solos\u201d, dice la gobernadora Evelyn Salgado Pineda a los calentanos, en su Primer Informe"},"content":{"rendered":"\n<p><strong><em>&#8212; La gobernadora de Guerrero asegura que no descansar\u00e1 hasta alcanzar la paz en la regi\u00f3n, afectada por la disputa entre grupos del crimen organizado<br>&#8212; Reitera su condena ante la masacre de San Miguel Totolapan, la cual no quedar\u00e1 impune<\/em><\/strong><\/p>\n\n\n\n<p><strong>Rogelio Agust\u00edn<\/strong><\/p>\n\n\n\n<p>\u201cNo est\u00e1n solas y no est\u00e1n solos\u201d, dijo la gobernadora Evelyn Salgado Pineda a los habitantes de la regi\u00f3n de la Tierra Caliente, particularmente a los pobladores de San Miguel Totolapan, donde el pasado 5 de octubre se registr\u00f3 la masacre de 20 personas, entre ellas el alcalde Conrado Mendoza Almeda y su padre, Juan Mendoza Acosta.<\/p>\n\n\n\n<p>En la explanada de Palacio de Gobierno, la gobernadora Salgado Pineda dirigi\u00f3 un mensaje alusivo al primer a\u00f1o de su mandato constitucional.<\/p>\n\n\n\n<p>En el tema de seguridad p\u00fablica, dijo que se trata de un asunto prioritario que desde el inicio de la administraci\u00f3n estatal se atiende, \u201cen una perfecta coordinaci\u00f3n con los municipios y las autoridades federales\u201d.<\/p>\n\n\n\n<p>La estrategia, indic\u00f3 que todos los d\u00edas se analiza a trav\u00e9s de una estrategia de seguridad integral, \u201cque ataca de origen las causas que detonan la violencia y que tiene como fin \u00faltimo la paz y el bienestar de todas y todos los guerrerenses\u201d.<\/p>\n\n\n\n<p>En esa parte, se refiri\u00f3 a los hechos registrados en San Miguel Totolapan, la jornada del 5 de octubre pasado, los que manifest\u00f3: \u201cLos condenamos en\u00e9rgicamente y nos obligan a reforzar las acciones que se realizan en este rubro\u201d.<\/p>\n\n\n\n<p>Luego sostuvo: \u201cPara mi amada Tierra Caliente, quiero decirles que no est\u00e1n solas y que no est\u00e1n solos, no descansar\u00e9, ni descansaremos, hasta garantizar las condiciones de bienestar en todo el territorio estatal, aqu\u00ed est\u00e1 su gobernadora y no daremos ni un paso atr\u00e1s hasta conquistar la paz que tanto anhelamos\u201d.<\/p>\n\n\n\n<p>Reconoci\u00f3 que las y los Guerrerenses no merecen excusas ni justificaciones en el objetivo com\u00fan que se tiene, que es de lograr un estado seguro y pr\u00f3spero, que permita el desarrollo adecuado de quienes todos sus actores.<\/p>\n\n\n\n<p>Refiri\u00f3 que en el d\u00eda a d\u00eda, se profundizan los esfuerzos articulados en la Mesa Estatal de Coordinaci\u00f3n para la Construcci\u00f3n de la Paz, en donde diariamente se da seguimiento y se toman acuerdos para implementar acciones y estrategias de prevenci\u00f3n, investigaci\u00f3n y persecuci\u00f3n de los delitos, que garanticen la seguridad ciudadana con estricto apego a los Derechos Humanos.<\/p>\n\n\n\n<p>Tambi\u00e9n se `profundiza en el combate a la inseguridad firmando convenios de colaboraci\u00f3n interinstitucional en materia de seguridad p\u00fablica y procuraci\u00f3n de justicia con una perspectiva regional, de la mano de los estados vecinos que son Oaxaca; Michoac\u00e1n, Morelos, Puebla y Estado de M\u00e9xico, para prevenir y disminuir en forma conjunta los \u00edndices delictivos que se cometen en zonas lim\u00edtrofes.<\/p>\n\n\n\n<p>Explic\u00f3 que por primera vez, en esta administraci\u00f3n se puso en marcha la \u201cConferencia Estatal de Seguridad P\u00fablica del Estado de Guerrero\u201d, con la intenci\u00f3n de fortalecer las capacidades institucionales de las polic\u00edas municipales, as\u00ed como la instalaci\u00f3n de los 81 Consejos Municipales de Seguridad P\u00fablica.<\/p>\n\n\n\n<p>Habl\u00f3 del servicio de video vigilancia estatal, que comenz\u00f3 esta administraci\u00f3n con 80 c\u00e1maras funcionando y hasta el momento funciona con mil 23 c\u00e1maras disponibles.<\/p>\n\n\n\n<p>Tambi\u00e9n se rehabilit\u00f3 la Red Estatal de Radiocomunicaci\u00f3n, que pas\u00f3 de 9 a 17 sitios de repetici\u00f3n.<\/p>\n\n\n\n<p>Para reducir el delito de robo de veh\u00edculos, el REPUVE mantiene en operaci\u00f3n 21 arcos lectores de radio frecuencia en distintos municipios que se encuentran conectados a la Plataforma M\u00e9xico, para atender de forma oportuna los reportes que la ciudadan\u00eda hace al 9-1-1 y 089.<\/p>\n\n\n\n<p>En lo que se refiere a la atenci\u00f3n de los delitos cibern\u00e9ticos, que se combaten a trav\u00e9s de la unidad especializada, se destaca la eliminaci\u00f3n de mil 438 p\u00e1ginas, desde donde se comet\u00edan delitos digitales.<\/p>\n\n\n\n<p>Se instalaron 81 comit\u00e9s de participaci\u00f3n ciudadana, y Comit\u00e9s de mediaci\u00f3n Comunitaria que tienen por objeto prevenir la comisi\u00f3n de delitos con la participaci\u00f3n de la ciudadan\u00eda y desde las mismas comunidades.<\/p>\n\n\n\n<p><strong>Se respalda a las polic\u00edas<\/strong><\/p>\n\n\n\n<p>En cuanto a la Polic\u00eda del Estado, la que sostiene, se integra con mujeres y hombres ejemplares, se les ha dado el respaldo desde el primer d\u00eda de la presente administraci\u00f3n estatal.<\/p>\n\n\n\n<p>\u201cA ellos que todos los d\u00edas trabajan, poniendo incluso su vida en riesgo para salvaguardar la de todos, a nuestro pueblo uniformado, les agradecemos y reconocemos siempre, gracias por todo su apoyo. Por eso, atendiendo a sus demandas, reactivamos el pago de vi\u00e1ticos de manera puntual, invirtiendo 358 millones de pesos para cubrir con este rubro, incluso para los casos pendientes de administraciones pasadas\u00bb.<\/p>\n\n\n\n<p>Entre los datos expuestos, refiri\u00f3 que se entregaron 72 patrullas nuevas y se rehabilitaron m\u00e1s de 180 unidades, para tener una mayor movilidad y cobertura, adem\u00e1s de que su administraci\u00f3n est\u00e1 entregando en los \u00faltimos d\u00edas equipo t\u00e1ctico, 100 radios, equipamiento en general, insumos y uniformes.<\/p>\n\n\n\n<p>En el primer a\u00f1o de mandato se capacitaron 4 mil 693 polic\u00edas estatales y municipales, lo que representa un incremento del 23% respecto del a\u00f1o anterior.<\/p>\n\n\n\n<p>Adem\u00e1s, se expidieron 4 mil 340 certificados \u00fanicos policiales, aumentando el n\u00famero en 520 certificaciones, con el objetivo de implementar el Desarrollo Policial en las instituciones de seguridad p\u00fablica estatal y municipal, porque se\u00f1ala, ser polic\u00eda es contar con un servicio de carrera, por lo que se public\u00f3 el Reglamento de Desarrollo Policial.<\/p>\n\n\n\n<figure class=\"wp-block-gallery columns-1 is-cropped wp-block-gallery-1 is-layout-flex wp-block-gallery-is-layout-flex\"><ul class=\"blocks-gallery-grid\"><li class=\"blocks-gallery-item\"><figure><img decoding=\"async\" src=\"data:image\/gif;base64,R0lGODlhAQABAIAAAAAAAP\/\/\/ywAAAAAAQABAAACAUwAOw==\" fifu-lazy=\"1\" fifu-data-sizes=\"auto\" fifu-data-srcset=\"https:\/\/i3.wp.com\/interaccionnoticias.com.mx\/wp-content\/uploads\/2022\/10\/221017-Evelyn-Salgado-Pineda-819x1024.jpeg?ssl=1&w=75&resize=75&ssl=1 75w, https:\/\/i3.wp.com\/interaccionnoticias.com.mx\/wp-content\/uploads\/2022\/10\/221017-Evelyn-Salgado-Pineda-819x1024.jpeg?ssl=1&w=100&resize=100&ssl=1 100w, https:\/\/i3.wp.com\/interaccionnoticias.com.mx\/wp-content\/uploads\/2022\/10\/221017-Evelyn-Salgado-Pineda-819x1024.jpeg?ssl=1&w=150&resize=150&ssl=1 150w, https:\/\/i3.wp.com\/interaccionnoticias.com.mx\/wp-content\/uploads\/2022\/10\/221017-Evelyn-Salgado-Pineda-819x1024.jpeg?ssl=1&w=240&resize=240&ssl=1 240w, https:\/\/i3.wp.com\/interaccionnoticias.com.mx\/wp-content\/uploads\/2022\/10\/221017-Evelyn-Salgado-Pineda-819x1024.jpeg?ssl=1&w=320&resize=320&ssl=1 320w, https:\/\/i3.wp.com\/interaccionnoticias.com.mx\/wp-content\/uploads\/2022\/10\/221017-Evelyn-Salgado-Pineda-819x1024.jpeg?ssl=1&w=500&resize=500&ssl=1 500w, https:\/\/i3.wp.com\/interaccionnoticias.com.mx\/wp-content\/uploads\/2022\/10\/221017-Evelyn-Salgado-Pineda-819x1024.jpeg?ssl=1&w=640&resize=640&ssl=1 640w, https:\/\/i3.wp.com\/interaccionnoticias.com.mx\/wp-content\/uploads\/2022\/10\/221017-Evelyn-Salgado-Pineda-819x1024.jpeg?ssl=1&w=800&resize=800&ssl=1 800w, https:\/\/i3.wp.com\/interaccionnoticias.com.mx\/wp-content\/uploads\/2022\/10\/221017-Evelyn-Salgado-Pineda-819x1024.jpeg?ssl=1&w=1024&resize=1024&ssl=1 1024w, https:\/\/i3.wp.com\/interaccionnoticias.com.mx\/wp-content\/uploads\/2022\/10\/221017-Evelyn-Salgado-Pineda-819x1024.jpeg?ssl=1&w=1280&resize=1280&ssl=1 1280w, https:\/\/i3.wp.com\/interaccionnoticias.com.mx\/wp-content\/uploads\/2022\/10\/221017-Evelyn-Salgado-Pineda-819x1024.jpeg?ssl=1&w=1600&resize=1600&ssl=1 1600w\" fifu-data-src=\"https:\/\/i3.wp.com\/interaccionnoticias.com.mx\/wp-content\/uploads\/2022\/10\/221017-Evelyn-Salgado-Pineda-819x1024.jpeg?ssl=1\" alt=\"\" data-id=\"51994\" data-full-url=\"https:\/\/interaccionnoticias.com.mx\/wp-content\/uploads\/2022\/10\/221017-Evelyn-Salgado-Pineda.jpeg\" data-link=\"https:\/\/interaccionnoticias.com.mx\/?attachment_id=51994\" class=\"wp-image-51994\"\/><\/figure><\/li><\/ul><\/figure>\n","protected":false},"excerpt":{"rendered":"<p>&#8212; La gobernadora de Guerrero asegura que no descansar\u00e1 hasta alcanzar la paz en la regi\u00f3n, afectada por la disputa entre grupos del crimen organizado&#8212; Reitera su condena ante la&hellip; <\/p>\n","protected":false},"author":21,"featured_media":51994,"comment_status":"open","ping_status":"open","sticky":false,"template":"","format":"standard","meta":{"fifu_image_url":"","fifu_image_alt":"","footnotes":""},"categories":[11],"tags":[],"class_list":["post-51993","post","type-post","status-publish","format-standard","has-post-thumbnail","hentry","category-guerrero"],"_links":{"self":[{"href":"https:\/\/www.interaccionnoticias.com.mx\/index.php?rest_route=\/wp\/v2\/posts\/51993","targetHints":{"allow":["GET"]}}],"collection":[{"href":"https:\/\/www.interaccionnoticias.com.mx\/index.php?rest_route=\/wp\/v2\/posts"}],"about":[{"href":"https:\/\/www.interaccionnoticias.com.mx\/index.php?rest_route=\/wp\/v2\/types\/post"}],"author":[{"embeddable":true,"href":"https:\/\/www.interaccionnoticias.com.mx\/index.php?rest_route=\/wp\/v2\/users\/21"}],"replies":[{"embeddable":true,"href":"https:\/\/www.interaccionnoticias.com.mx\/index.php?rest_route=%2Fwp%2Fv2%2Fcomments&post=51993"}],"version-history":[{"count":1,"href":"https:\/\/www.interaccionnoticias.com.mx\/index.php?rest_route=\/wp\/v2\/posts\/51993\/revisions"}],"predecessor-version":[{"id":51995,"href":"https:\/\/www.interaccionnoticias.com.mx\/index.php?rest_route=\/wp\/v2\/posts\/51993\/revisions\/51995"}],"wp:featuredmedia":[{"embeddable":true,"href":"https:\/\/www.interaccionnoticias.com.mx\/index.php?rest_route=\/wp\/v2\/media\/51994"}],"wp:attachment":[{"href":"https:\/\/www.interaccionnoticias.com.mx\/index.php?rest_route=%2Fwp%2Fv2%2Fmedia&parent=51993"}],"wp:term":[{"taxonomy":"category","embeddable":true,"href":"https:\/\/www.interaccionnoticias.com.mx\/index.php?rest_route=%2Fwp%2Fv2%2Fcategories&post=51993"},{"taxonomy":"post_tag","embeddable":true,"href":"https:\/\/www.interaccionnoticias.com.mx\/index.php?rest_route=%2Fwp%2Fv2%2Ftags&post=51993"}],"curies":[{"name":"wp","href":"https:\/\/api.w.org\/{rel}","templated":true}]}}