{"id":5197,"date":"2017-06-10T14:11:27","date_gmt":"2017-06-10T19:11:27","guid":{"rendered":"http:\/\/www.inter-accion.com.mx\/?p=5197"},"modified":"2017-06-10T14:11:27","modified_gmt":"2017-06-10T19:11:27","slug":"para-septiembre-mas-patrullas-y-armamento-para-la-policia-de-chilpancingo","status":"publish","type":"post","link":"https:\/\/www.interaccionnoticias.com.mx\/?p=5197","title":{"rendered":"Para septiembre, m\u00e1s patrullas y armamento para la polic\u00eda de Chilpancingo"},"content":{"rendered":"<p>Aunque la capital de Guerrero enfrenta una crisis aguda en materia de seguridad p\u00fablica que se agudiz\u00f3 en las \u00faltimas semanas, el alcalde de Chilpancingo Marco Antonio Leyva Mena refiere que ser\u00e1 hasta septiembre cuando se tengan m\u00e1s patrullas y armamento para la capital de Guerrero.<br \/>\nEl primer edil coment\u00f3 que ante el saldo de m\u00e1s de 20 muertes dolosas registrado la semana pasada, el se reuni\u00f3 con su Consejo de Seguridad P\u00fablica Municipal, para efecto de tomar medidas emergentes en materia de prevenci\u00f3n del delito.<br \/>\nSe acordaron algunas acciones coordinadas con elementos del Ej\u00e9rcito Mexicano, la Polic\u00eda del Estado y la Polic\u00eda Federal (PF), para estar en condiciones de cerrarle el paso a los grupos de hombres armados que se enfrentaron durante las noches del lunes y martes de la semana en curso.<br \/>\nEn los pr\u00f3ximos d\u00edas, dijo que habr\u00e1 de ponerse en marcha la construcci\u00f3n de una Base de Operaciones Mixtas en la entrada norte de la ciudad, que ser\u00e1 importante para restringir el acceso a la ciudad de personas relacionadas con actividades fuera de la ley.<br \/>\nA partir de la concurrencia de recursos que llegan v\u00eda gobierno estatal y federal, dijo que se espera contar con m\u00e1s patrullas y armamento en los meses de agosto y septiembre del presente a\u00f1o, aunque por la intensidad que tiene el problema, lo m\u00e1s conveniente es que los recursos se liberaran cuanto antes.<br \/>\nExplic\u00f3 que la convocatoria para que haya aspirantes a la Polic\u00eda Preventiva Municipal se mantiene abierta, sin embargo no se generan los ingresos en la proporci\u00f3n en que se requieren.<br \/>\nEl primer edil de Chilpancingo sostuvo que son grupos del crimen organizado los que se est\u00e1n disputando la ciudad, por lo que existe claridad en la sociedad civil, en el sentido de que se tiene que cerrar filas con una estrategia com\u00fan.<br \/>\nInsisti\u00f3 en el hecho de que la pugna por el control de la ciudad se debe fundamentalmente a la cercan\u00eda de la capital con la Sierra, que es la zona de mayor producci\u00f3n de amapola en todo la entidad.<br \/>\nMientras la Sierra no reciba la atenci\u00f3n integral que requiere, la poblaci\u00f3n seguir\u00e1 inmersa en los cultivos ilegales, lo que mantendr\u00e1 la violencia como una constante.<br \/>\n&nbsp;&nbsp;<\/p>\n","protected":false},"excerpt":{"rendered":"<p>Aunque la capital de Guerrero enfrenta una crisis aguda en materia de seguridad p\u00fablica que se agudiz\u00f3 en las \u00faltimas semanas, el alcalde de Chilpancingo Marco Antonio Leyva Mena refiere&hellip; <\/p>\n","protected":false},"author":1,"featured_media":0,"comment_status":"closed","ping_status":"closed","sticky":false,"template":"","format":"standard","meta":{"fifu_image_url":"","fifu_image_alt":"","footnotes":""},"categories":[13,8],"tags":[],"class_list":["post-5197","post","type-post","status-publish","format-standard","hentry","category-capital","category-featured"],"_links":{"self":[{"href":"https:\/\/www.interaccionnoticias.com.mx\/index.php?rest_route=\/wp\/v2\/posts\/5197","targetHints":{"allow":["GET"]}}],"collection":[{"href":"https:\/\/www.interaccionnoticias.com.mx\/index.php?rest_route=\/wp\/v2\/posts"}],"about":[{"href":"https:\/\/www.interaccionnoticias.com.mx\/index.php?rest_route=\/wp\/v2\/types\/post"}],"author":[{"embeddable":true,"href":"https:\/\/www.interaccionnoticias.com.mx\/index.php?rest_route=\/wp\/v2\/users\/1"}],"replies":[{"embeddable":true,"href":"https:\/\/www.interaccionnoticias.com.mx\/index.php?rest_route=%2Fwp%2Fv2%2Fcomments&post=5197"}],"version-history":[{"count":0,"href":"https:\/\/www.interaccionnoticias.com.mx\/index.php?rest_route=\/wp\/v2\/posts\/5197\/revisions"}],"wp:attachment":[{"href":"https:\/\/www.interaccionnoticias.com.mx\/index.php?rest_route=%2Fwp%2Fv2%2Fmedia&parent=5197"}],"wp:term":[{"taxonomy":"category","embeddable":true,"href":"https:\/\/www.interaccionnoticias.com.mx\/index.php?rest_route=%2Fwp%2Fv2%2Fcategories&post=5197"},{"taxonomy":"post_tag","embeddable":true,"href":"https:\/\/www.interaccionnoticias.com.mx\/index.php?rest_route=%2Fwp%2Fv2%2Ftags&post=5197"}],"curies":[{"name":"wp","href":"https:\/\/api.w.org\/{rel}","templated":true}]}}