{"id":5181,"date":"2017-06-08T18:58:47","date_gmt":"2017-06-08T23:58:47","guid":{"rendered":"http:\/\/www.inter-accion.com.mx\/?p=5181"},"modified":"2017-06-08T18:58:47","modified_gmt":"2017-06-08T23:58:47","slug":"buscan-en-penales-del-estado-a-los-desaparecidos-de-acapulco","status":"publish","type":"post","link":"https:\/\/www.interaccionnoticias.com.mx\/?p=5181","title":{"rendered":"Buscan en penales del estado a los desaparecidos de Acapulco"},"content":{"rendered":"<div>\n<div>La asociaci\u00f3n civil Familias de Acapulco en Busca de sus Desaparecidos realiz\u00f3 una visita de inspecci\u00f3n al penal de Tecpan de Galeana, para tratar de localizar entre los internos a varias personas del puerto que no han sido localizadas desde hace varios meses e incluso a\u00f1os.&nbsp;<\/div>\n<div>&nbsp;<\/div>\n<div>Los integrantes del colectivo contaron con el acompa\u00f1amiento de Sandra Luz Le\u00f3n Alem\u00e1n, coordinadora auxiliar de la Comisi\u00f3n Estatal de los Derechos Humanos en la regi\u00f3n Costa Grande.&nbsp;<\/div>\n<div>&nbsp;<\/div>\n<div>De acuerdo con un comunicado emitido por dicha instituci\u00f3n, la visita tuvo como objetivo \u00abconstatar si se encuentra entre los internos alg\u00fan familiar desaparecido\u00bb.<\/div>\n<div>&nbsp;<\/div>\n<div>El documento indica que los integrantes de la asociaci\u00f3n tuvieron la oportunidad de reunirse \u00abcon todos los internos en el \u00e1rea de visitas\u00bb.<\/div>\n<div>&nbsp;<\/div>\n<div>El encargado de Compa\u00f1\u00eda, Seguridad y Custodia del Centro Penitenciario, Carlos Barrio Marco, pas\u00f3 lista a cada una de las celdas, a la estancia femenil y a la estancia de 72 horas para los internos, de tal maneja que llos integrantes de la asociaci\u00f3n civil pudieran ver a cada uno de los presos.<\/div>\n<div>&nbsp;<\/div>\n<div>La Comisi\u00f3n Estatal de los Derechos Humanos inform\u00f3 que no se identific\u00f3 a ning\u00fan desaparecido entre los internos del Centro de Reinserci\u00f3n Social (Cereso) de Tecpan de Galeana.&nbsp;<\/div>\n<div>&nbsp;<\/div>\n<div>En la diligencia participaron el director del penal, Jorge Alberto Galeana Flores; el encargado de la Direccion General de Reinserci\u00f3n Social en el estado, Isa\u00edas Ju\u00e1rez Mart\u00ednez; el director general de Seguridad y Custodia Penitenciaria en el estado, capit\u00e1n Amadeo Tiburcio Paulino y el asesor jur\u00eddico de la Comisi\u00f3n Ejecutiva Estatal de Atenci\u00f3n a V\u00edctimas (CEEAV), Armando Ayala Soberanis.<\/div>\n<div>&nbsp;<\/div>\n<\/div>\n<div>&nbsp;<\/div>\n","protected":false},"excerpt":{"rendered":"<p>La asociaci\u00f3n civil Familias de Acapulco en Busca de sus Desaparecidos realiz\u00f3 una visita de inspecci\u00f3n al penal de Tecpan de Galeana, para tratar de localizar entre los internos a&hellip; <\/p>\n","protected":false},"author":1,"featured_media":0,"comment_status":"closed","ping_status":"closed","sticky":false,"template":"","format":"standard","meta":{"fifu_image_url":"","fifu_image_alt":"","footnotes":""},"categories":[8,27],"tags":[],"class_list":["post-5181","post","type-post","status-publish","format-standard","hentry","category-featured","category-seguridad-publica"],"_links":{"self":[{"href":"https:\/\/www.interaccionnoticias.com.mx\/index.php?rest_route=\/wp\/v2\/posts\/5181","targetHints":{"allow":["GET"]}}],"collection":[{"href":"https:\/\/www.interaccionnoticias.com.mx\/index.php?rest_route=\/wp\/v2\/posts"}],"about":[{"href":"https:\/\/www.interaccionnoticias.com.mx\/index.php?rest_route=\/wp\/v2\/types\/post"}],"author":[{"embeddable":true,"href":"https:\/\/www.interaccionnoticias.com.mx\/index.php?rest_route=\/wp\/v2\/users\/1"}],"replies":[{"embeddable":true,"href":"https:\/\/www.interaccionnoticias.com.mx\/index.php?rest_route=%2Fwp%2Fv2%2Fcomments&post=5181"}],"version-history":[{"count":0,"href":"https:\/\/www.interaccionnoticias.com.mx\/index.php?rest_route=\/wp\/v2\/posts\/5181\/revisions"}],"wp:attachment":[{"href":"https:\/\/www.interaccionnoticias.com.mx\/index.php?rest_route=%2Fwp%2Fv2%2Fmedia&parent=5181"}],"wp:term":[{"taxonomy":"category","embeddable":true,"href":"https:\/\/www.interaccionnoticias.com.mx\/index.php?rest_route=%2Fwp%2Fv2%2Fcategories&post=5181"},{"taxonomy":"post_tag","embeddable":true,"href":"https:\/\/www.interaccionnoticias.com.mx\/index.php?rest_route=%2Fwp%2Fv2%2Ftags&post=5181"}],"curies":[{"name":"wp","href":"https:\/\/api.w.org\/{rel}","templated":true}]}}