{"id":5175,"date":"2017-06-08T14:47:27","date_gmt":"2017-06-08T19:47:27","guid":{"rendered":"http:\/\/www.inter-accion.com.mx\/?p=5175"},"modified":"2017-06-08T14:47:27","modified_gmt":"2017-06-08T19:47:27","slug":"pide-alcalde-acotar-la-vida-nocturna-en-chilpancingo-para-evitar-danos-colaterales","status":"publish","type":"post","link":"https:\/\/www.interaccionnoticias.com.mx\/?p=5175","title":{"rendered":"Pide alcalde acotar la vida nocturna en Chilpancingo, para evitar da\u00f1os colaterales"},"content":{"rendered":"<p>Derivado de la violencia registrada en las \u00faltimas semanas, el alcalde Marco Antonio Leyva Mena sugiri\u00f3 a la poblaci\u00f3n acotar la vida nocturna en la capital del estado, para evitar situaciones que pongan en riesgo su integridad.<br \/>\nEl jefe de cabildo en Chilpancingo reconoci\u00f3 que tal y como lo se\u00f1al\u00f3 el dirigente de la Confederaci\u00f3n Patronal de la Rep\u00fablica Mexicana (Coparmex), Adri\u00e1n Alarc\u00f3n R\u00edos, los propietarios de negocios en los puntos de mayor concurrencia de la ciudad han adoptado diferentes medidas de autocuidado, entre ellas recorrer una hora antes el horario para el cierre de sus negocios.<br \/>\nLa determinaci\u00f3n de los comerciantes, de acuerdo con el alcalde Leyva Mena est\u00e1 completamente justificada, dada la violencia que se ha generado en las \u00faltimas semanas, particularmente durante los primeros d\u00edas de junio. &nbsp;<br \/>\nIncluso, se\u00f1al\u00f3 que ha comenzado a platicar con los propietarios de centros nocturnos para que tambi\u00e9n recorran sus horarios de cierre, considerando la posibilidad de que a m\u00e1s tardar suspendan sus actividades a la 01:00 horas.<br \/>\nReconoci\u00f3 que la recomendaci\u00f3n implica acotar la vida nocturna de la ciudad, pero tambi\u00e9n se\u00f1al\u00f3 que es necesario para evitar que personas inocentes queden en medio de las confrontaciones armadas que se registran entre grupos de delincuentes.<br \/>\nAsegur\u00f3 que las corporaciones de los tres niveles de gobierno han incrementado sus patrullajes para inhibir la actuaci\u00f3n de la delincuencia, agregando acciones como el detener a todo tipo de veh\u00edculo que parezca sospechoso, con la intenci\u00f3n de detectar a personas que se desplacen armadas con la intenci\u00f3n de generar desmanes en la ciudad.<\/p>\n","protected":false},"excerpt":{"rendered":"<p>Derivado de la violencia registrada en las \u00faltimas semanas, el alcalde Marco Antonio Leyva Mena sugiri\u00f3 a la poblaci\u00f3n acotar la vida nocturna en la capital del estado, para evitar&hellip; <\/p>\n","protected":false},"author":1,"featured_media":0,"comment_status":"closed","ping_status":"closed","sticky":false,"template":"","format":"standard","meta":{"fifu_image_url":"","fifu_image_alt":"","footnotes":""},"categories":[13,8],"tags":[],"class_list":["post-5175","post","type-post","status-publish","format-standard","hentry","category-capital","category-featured"],"_links":{"self":[{"href":"https:\/\/www.interaccionnoticias.com.mx\/index.php?rest_route=\/wp\/v2\/posts\/5175","targetHints":{"allow":["GET"]}}],"collection":[{"href":"https:\/\/www.interaccionnoticias.com.mx\/index.php?rest_route=\/wp\/v2\/posts"}],"about":[{"href":"https:\/\/www.interaccionnoticias.com.mx\/index.php?rest_route=\/wp\/v2\/types\/post"}],"author":[{"embeddable":true,"href":"https:\/\/www.interaccionnoticias.com.mx\/index.php?rest_route=\/wp\/v2\/users\/1"}],"replies":[{"embeddable":true,"href":"https:\/\/www.interaccionnoticias.com.mx\/index.php?rest_route=%2Fwp%2Fv2%2Fcomments&post=5175"}],"version-history":[{"count":0,"href":"https:\/\/www.interaccionnoticias.com.mx\/index.php?rest_route=\/wp\/v2\/posts\/5175\/revisions"}],"wp:attachment":[{"href":"https:\/\/www.interaccionnoticias.com.mx\/index.php?rest_route=%2Fwp%2Fv2%2Fmedia&parent=5175"}],"wp:term":[{"taxonomy":"category","embeddable":true,"href":"https:\/\/www.interaccionnoticias.com.mx\/index.php?rest_route=%2Fwp%2Fv2%2Fcategories&post=5175"},{"taxonomy":"post_tag","embeddable":true,"href":"https:\/\/www.interaccionnoticias.com.mx\/index.php?rest_route=%2Fwp%2Fv2%2Ftags&post=5175"}],"curies":[{"name":"wp","href":"https:\/\/api.w.org\/{rel}","templated":true}]}}