{"id":51692,"date":"2022-10-10T12:59:30","date_gmt":"2022-10-10T17:59:30","guid":{"rendered":"https:\/\/interaccionnoticias.com.mx\/?p=51692"},"modified":"2022-10-10T12:59:35","modified_gmt":"2022-10-10T17:59:35","slug":"somos-mas-los-buenos-y-tarde-que-temprano-vamos-a-conquistar-la-paz-evelyn-salgado","status":"publish","type":"post","link":"https:\/\/www.interaccionnoticias.com.mx\/?p=51692","title":{"rendered":"Somos m\u00e1s los buenos y tarde que temprano vamos a conquistar la paz: Evelyn Salgado"},"content":{"rendered":"\n<p><strong>&#8212; La gobernadora pidi\u00f3 a la sociedad contribuir a la construcci\u00f3n de la paz<\/strong><\/p>\n\n\n\n<p><strong>Rosario Garc\u00eda Orozco<\/strong><\/p>\n\n\n\n<p><strong>Chilpancingo, Gro., 10 de octubre del 2022.-<\/strong> La gobernadora Evelyn Salgado Pineda asegur\u00f3 que en Guerrero \u201csomos m\u00e1s las y los guerrerenses que queremos un estado pr\u00f3spero y seguro, que trabajamos honradamente, incansables y orgullosos, somos m\u00e1s los buenos y m\u00e1s temprano que tarde vamos a conquistar la paz\u00bb.<\/p>\n\n\n\n<p>As\u00ed se expres\u00f3 durante su participaci\u00f3n en los honores a la Bandera la mandataria estatal, qui\u00e9n llam\u00f3 a la sociedad en su conjunto a construir las condiciones de paz y de seguridad que \u201cson nuestro anhelo y nuestro compromiso ineludible\u201d.<\/p>\n\n\n\n<p>La mandataria estatal se refiri\u00f3 a la celebraci\u00f3n del descubrimiento de Am\u00e9rica el 12 de octubre, y dijo no estar de acuerdo en que le llamen D\u00eda de la Raza, porque en Guerrero todos comparten una misma ra\u00edz, y son iguales, son familia y forman un equipo por el bienestar y la paz de las familias guerrerenses.<\/p>\n\n\n\n<p>Del mismo modo, destac\u00f3 la importancia de que a casi 70 a\u00f1os de haberse reconocido los derechos igualitarios de las mujeres en la Constituci\u00f3n Pol\u00edtica del pa\u00eds, se han dado pasos en el avance de la conquista de la paridad, \u00abpor eso seguimos trabajando incansablemente para tener las mismas oportunidades y los mismos derechos\u201d, sin que se trate de una lucha entre mujeres y hombres, sino de un asunto de igualdad, equidad y justicia.<\/p>\n\n\n\n<p>\u201cEn Guerrero lo conmemoramos todos los d\u00edas con la convicci\u00f3n absoluta de convertir a nuestro estado en un santuario para las mujeres\u201d, dijo la primer mujer gobernadora de Guerrero.<\/p>\n\n\n\n<p>Evelyn Salgado hizo referencia al primer a\u00f1o de su gobierno, de que dijo ser\u00e1 \u201cun informe que es tambi\u00e9n del pueblo de Guerrero porque ah\u00ed se encuentra nuestro origen y se encuentran nuestras convicciones, cuando iniciamos este gobierno de la cuarta transformaci\u00f3n nos pusimos la meta de realizar los cabios profundos que Guerrero necesita\u201d.<\/p>\n\n\n\n<p>Entre los objetivos principales, se encuentran el terminar con el rezago educativo, salud y bienestar, con el planteamiento de ser un gobierno distinto, siguiendo los principios de no robar, no mentir y no traicionar al pueblo, \u201cnadie dijo que ser\u00eda f\u00e1cil\u201d, acept\u00f3 la morenista.<\/p>\n","protected":false},"excerpt":{"rendered":"<p>&#8212; La gobernadora pidi\u00f3 a la sociedad contribuir a la construcci\u00f3n de la paz Rosario Garc\u00eda Orozco Chilpancingo, Gro., 10 de octubre del 2022.- La gobernadora Evelyn Salgado Pineda asegur\u00f3&hellip; <\/p>\n","protected":false},"author":14,"featured_media":51693,"comment_status":"open","ping_status":"open","sticky":false,"template":"","format":"standard","meta":{"fifu_image_url":"","fifu_image_alt":"","footnotes":""},"categories":[11],"tags":[],"class_list":["post-51692","post","type-post","status-publish","format-standard","has-post-thumbnail","hentry","category-guerrero"],"_links":{"self":[{"href":"https:\/\/www.interaccionnoticias.com.mx\/index.php?rest_route=\/wp\/v2\/posts\/51692","targetHints":{"allow":["GET"]}}],"collection":[{"href":"https:\/\/www.interaccionnoticias.com.mx\/index.php?rest_route=\/wp\/v2\/posts"}],"about":[{"href":"https:\/\/www.interaccionnoticias.com.mx\/index.php?rest_route=\/wp\/v2\/types\/post"}],"author":[{"embeddable":true,"href":"https:\/\/www.interaccionnoticias.com.mx\/index.php?rest_route=\/wp\/v2\/users\/14"}],"replies":[{"embeddable":true,"href":"https:\/\/www.interaccionnoticias.com.mx\/index.php?rest_route=%2Fwp%2Fv2%2Fcomments&post=51692"}],"version-history":[{"count":1,"href":"https:\/\/www.interaccionnoticias.com.mx\/index.php?rest_route=\/wp\/v2\/posts\/51692\/revisions"}],"predecessor-version":[{"id":51694,"href":"https:\/\/www.interaccionnoticias.com.mx\/index.php?rest_route=\/wp\/v2\/posts\/51692\/revisions\/51694"}],"wp:featuredmedia":[{"embeddable":true,"href":"https:\/\/www.interaccionnoticias.com.mx\/index.php?rest_route=\/wp\/v2\/media\/51693"}],"wp:attachment":[{"href":"https:\/\/www.interaccionnoticias.com.mx\/index.php?rest_route=%2Fwp%2Fv2%2Fmedia&parent=51692"}],"wp:term":[{"taxonomy":"category","embeddable":true,"href":"https:\/\/www.interaccionnoticias.com.mx\/index.php?rest_route=%2Fwp%2Fv2%2Fcategories&post=51692"},{"taxonomy":"post_tag","embeddable":true,"href":"https:\/\/www.interaccionnoticias.com.mx\/index.php?rest_route=%2Fwp%2Fv2%2Ftags&post=51692"}],"curies":[{"name":"wp","href":"https:\/\/api.w.org\/{rel}","templated":true}]}}