{"id":51683,"date":"2022-10-10T12:00:05","date_gmt":"2022-10-10T17:00:05","guid":{"rendered":"https:\/\/interaccionnoticias.com.mx\/?p=51683"},"modified":"2022-10-10T21:48:17","modified_gmt":"2022-10-11T02:48:17","slug":"los-tequileros-se-deslindan-de-la-masacre-en-san-miguel-totolapan","status":"publish","type":"post","link":"https:\/\/www.interaccionnoticias.com.mx\/?p=51683","title":{"rendered":"\u00abLos Tequileros\u00bb se deslindan de la masacre en San Miguel Totolapan"},"content":{"rendered":"\n<p><strong><em>&#8212; Acusan a l\u00edder de la Familia Michoacana (FM) de ser el responsable y mentir con un distractor<\/em><\/strong><\/p>\n\n\n\n<p><strong>SIN<\/strong><\/p>\n\n\n\n<p>El grupo delictivo de \u00abLos Tequileros\u00bb se desmarc\u00f3 de la masacre de al menos 20 personas registrada en San Miguel Totolapan, la tarde del 5 de octubre y se\u00f1al\u00f3 como el verdadero perpetrador a Jos\u00e9 Alfredo Hurtado Olascoaga, mejor conocido como \u00abEl Fresa\u00bb, l\u00edder de La Familia Michoacana (FM) en la Tierra Caliente.<\/p>\n\n\n\n<p>El deslinde se dio a conocer por medio de un video de m\u00e1s de dos minutos, en el que aparecen cinco hombre armados y un sexto sentado, en una habitaci\u00f3n que tiene rotulado un muro con la leyenda \u201cTequileros\u201d, escrita con aerosol de color negro.<\/p>\n\n\n\n<p>Los presuntos integrantes del grupo delictivo acusan al l\u00edder de su grupo rival, de matar inocentes durante el ataque al municipio de San Miguel Totolapan, lo que ahora no quieren reconocer.<\/p>\n\n\n\n<p>\u201cSi los Tequileros ya no somos tan chingones como tu dices, tampoco somos tan cobardes para matar a inocentes\u2026 ya sabemos que tu mismo reuniste al presidente municipal, Conrado y su gente para tenerlos juntos y matarlos \u00bfa qui\u00e9n vas a poner ahora?\u201d.<\/p>\n\n\n\n<p>Adem\u00e1s acusan al hombre conocido como \u201cEl Fresa\u201d de intentar confundir a las familias de las v\u00edctimas, al presentar un video en el que asegura que el ataque era contra \u00e9l, pero que logr\u00f3 escapar vivo e ileso.<\/p>\n\n\n\n<p>El sexto hombre a cuadro cuestiona: \u201c\u00bfD\u00f3nde est\u00e1n los cuerpos de los 25 que mataste y dijiste que no merec\u00edan que los enterraran? Mentiroso, solo quemaste los carros\u201d.<\/p>\n\n\n\n<p>En la \u00faltima parte del video, advierte que la misma gente de Jos\u00e9 Alfredo Hurtado ya no est\u00e1 conforme con \u00e9l, por lo que intentar\u00e1n acabarlo y por eso ya se habla de traiciones en San Miguel.<\/p>\n\n\n\n<p>En ese contexto, aseguran que el grupo de los Tequilero ir\u00e1 por delante en ese prop\u00f3sito, de sacar a la FM de Tierra Caliente.<\/p>\n","protected":false},"excerpt":{"rendered":"<p>&#8212; Acusan a l\u00edder de la Familia Michoacana (FM) de ser el responsable y mentir con un distractor SIN El grupo delictivo de \u00abLos Tequileros\u00bb se desmarc\u00f3 de la masacre&hellip; <\/p>\n","protected":false},"author":4,"featured_media":51684,"comment_status":"open","ping_status":"open","sticky":false,"template":"","format":"standard","meta":{"fifu_image_url":"","fifu_image_alt":"","footnotes":""},"categories":[27],"tags":[],"class_list":["post-51683","post","type-post","status-publish","format-standard","has-post-thumbnail","hentry","category-seguridad-publica"],"_links":{"self":[{"href":"https:\/\/www.interaccionnoticias.com.mx\/index.php?rest_route=\/wp\/v2\/posts\/51683","targetHints":{"allow":["GET"]}}],"collection":[{"href":"https:\/\/www.interaccionnoticias.com.mx\/index.php?rest_route=\/wp\/v2\/posts"}],"about":[{"href":"https:\/\/www.interaccionnoticias.com.mx\/index.php?rest_route=\/wp\/v2\/types\/post"}],"author":[{"embeddable":true,"href":"https:\/\/www.interaccionnoticias.com.mx\/index.php?rest_route=\/wp\/v2\/users\/4"}],"replies":[{"embeddable":true,"href":"https:\/\/www.interaccionnoticias.com.mx\/index.php?rest_route=%2Fwp%2Fv2%2Fcomments&post=51683"}],"version-history":[{"count":3,"href":"https:\/\/www.interaccionnoticias.com.mx\/index.php?rest_route=\/wp\/v2\/posts\/51683\/revisions"}],"predecessor-version":[{"id":51727,"href":"https:\/\/www.interaccionnoticias.com.mx\/index.php?rest_route=\/wp\/v2\/posts\/51683\/revisions\/51727"}],"wp:featuredmedia":[{"embeddable":true,"href":"https:\/\/www.interaccionnoticias.com.mx\/index.php?rest_route=\/wp\/v2\/media\/51684"}],"wp:attachment":[{"href":"https:\/\/www.interaccionnoticias.com.mx\/index.php?rest_route=%2Fwp%2Fv2%2Fmedia&parent=51683"}],"wp:term":[{"taxonomy":"category","embeddable":true,"href":"https:\/\/www.interaccionnoticias.com.mx\/index.php?rest_route=%2Fwp%2Fv2%2Fcategories&post=51683"},{"taxonomy":"post_tag","embeddable":true,"href":"https:\/\/www.interaccionnoticias.com.mx\/index.php?rest_route=%2Fwp%2Fv2%2Ftags&post=51683"}],"curies":[{"name":"wp","href":"https:\/\/api.w.org\/{rel}","templated":true}]}}