{"id":5163,"date":"2017-06-08T08:56:49","date_gmt":"2017-06-08T13:56:49","guid":{"rendered":"http:\/\/www.inter-accion.com.mx\/?p=5163"},"modified":"2017-06-08T08:56:49","modified_gmt":"2017-06-08T13:56:49","slug":"crece-la-cantidad-de-policias-despedidos-ninguno-acepta-el-finiquito-y-exigen-la-reinstalacion","status":"publish","type":"post","link":"https:\/\/www.interaccionnoticias.com.mx\/?p=5163","title":{"rendered":"Crece la cantidad de polic\u00edas despedidos, ninguno acepta el finiquito y exigen la reinstalaci\u00f3n"},"content":{"rendered":"<p>En la Comisi\u00f3n Estatal de Derechos Humanos (CEDH), personal despedido de la Polic\u00eda del Estado denunciaron que de 176 la cantidad creci\u00f3 a 196, pero advierten que ninguno aceptar\u00e1 el finiquito que ofrece la Secretar\u00eda de Seguridad P\u00fablica (SSP), todos pelear\u00e1n en tribunales por su reincorporaci\u00f3n.<br \/>\nLa ma\u00f1ana del 7 de junio, polic\u00edas estatales de la regi\u00f3n Centro, despedidos el pasado 31 de mayo, dieron a conocer que durante la \u00faltima semana fueron dados de baja 20 elementos m\u00e1s, raz\u00f3n por lo que de 176 pasaron a ser 196 los uniformados despedios por impulsar un paro laboral.<br \/>\nDenunciaron que hay otra lista negra con 238 nombres de polic\u00edas que ser\u00e1n despedidos de la SSP durante los pr\u00f3ximos d\u00edas, lo que gener\u00f3 temor entre sus compa\u00f1eros.<br \/>\nHasta el momento, indicaron que todos ellos han rechazado las mesas de di\u00e1logo que el Gobierno del Estado de Guerrero inici\u00f3 el pasado jueves 1 de junio, pues todos han decidido no aceptar los finiquitos que se les ofrecieron, los cuales consideraron como meras \u201cd\u00e1divas\u201d que no est\u00e1n ajustados a derecho.<br \/>\nLos 196 uniformados que ahora est\u00e1n fuera de la SSP promovieron un amparo legal por despido, por lo que hasta el momento no han firmado ninguna renuncia de manera formal, ya que a partir de este d\u00eda exigir\u00e1n la reinstalaci\u00f3n de todos los elementos.<br \/>\nAseguraron que el gobernador H\u00e9ctor Astudillo Flores no ha reconocido su labor \u201cno sabe reconocer los a\u00f1os que los compa\u00f1eros han dejado en la polic\u00eda, han dejado su juventud, ni si quiera han conocido las primeras palabras de sus hijos con tal de dedicarse a este trabajo, se han olvidado de ser padres, hasta se han olvidado de ser maridos con tal de estar ah\u00ed en su trabajo\u201d.<br \/>\nLa rueda se desarroll\u00f3 en la sede oficial de la CEDH, ah\u00ed dieron a conocer un documento en el que la SSP confirma el cambio de las jornadas laborales para los polic\u00edas, que para la regi\u00f3n centro y Acapulco quedan en 6 d\u00edas de trabaj\u00f3 trabajo por 3 de &nbsp;descanso, en tanto que en l otras regiones, los elementos laboraran 12 d\u00edas continuos por 6 de descanso, lo que implicar\u00eda 288 horas continuas de trabajo.<br \/>\nIndicaron que con su despido estuvo aparejado el repunte de los cr\u00edmenes en Chilpancingo, ya que durante las \u00faltimas dos semanas se han suscitado tiroteos, asesinatos y constantes hallazgos de cuerpos descuartizados, adem\u00e1s de desmentir el rumor que circula en redes sociales, donde se expone que los elementos dados de baja ahora forman parte del grupo delictivo de los \u201cRojos\u201d.<br \/>\nDicha versi\u00f3n, dijeron que est\u00e1 plagada de mala fe y dolo.<\/p>\n","protected":false},"excerpt":{"rendered":"<p>En la Comisi\u00f3n Estatal de Derechos Humanos (CEDH), personal despedido de la Polic\u00eda del Estado denunciaron que de 176 la cantidad creci\u00f3 a 196, pero advierten que ninguno aceptar\u00e1 el&hellip; <\/p>\n","protected":false},"author":1,"featured_media":0,"comment_status":"closed","ping_status":"closed","sticky":false,"template":"","format":"standard","meta":{"fifu_image_url":"","fifu_image_alt":"","footnotes":""},"categories":[8,27],"tags":[],"class_list":["post-5163","post","type-post","status-publish","format-standard","hentry","category-featured","category-seguridad-publica"],"_links":{"self":[{"href":"https:\/\/www.interaccionnoticias.com.mx\/index.php?rest_route=\/wp\/v2\/posts\/5163","targetHints":{"allow":["GET"]}}],"collection":[{"href":"https:\/\/www.interaccionnoticias.com.mx\/index.php?rest_route=\/wp\/v2\/posts"}],"about":[{"href":"https:\/\/www.interaccionnoticias.com.mx\/index.php?rest_route=\/wp\/v2\/types\/post"}],"author":[{"embeddable":true,"href":"https:\/\/www.interaccionnoticias.com.mx\/index.php?rest_route=\/wp\/v2\/users\/1"}],"replies":[{"embeddable":true,"href":"https:\/\/www.interaccionnoticias.com.mx\/index.php?rest_route=%2Fwp%2Fv2%2Fcomments&post=5163"}],"version-history":[{"count":0,"href":"https:\/\/www.interaccionnoticias.com.mx\/index.php?rest_route=\/wp\/v2\/posts\/5163\/revisions"}],"wp:attachment":[{"href":"https:\/\/www.interaccionnoticias.com.mx\/index.php?rest_route=%2Fwp%2Fv2%2Fmedia&parent=5163"}],"wp:term":[{"taxonomy":"category","embeddable":true,"href":"https:\/\/www.interaccionnoticias.com.mx\/index.php?rest_route=%2Fwp%2Fv2%2Fcategories&post=5163"},{"taxonomy":"post_tag","embeddable":true,"href":"https:\/\/www.interaccionnoticias.com.mx\/index.php?rest_route=%2Fwp%2Fv2%2Ftags&post=5163"}],"curies":[{"name":"wp","href":"https:\/\/api.w.org\/{rel}","templated":true}]}}