{"id":51626,"date":"2022-10-07T21:15:32","date_gmt":"2022-10-08T02:15:32","guid":{"rendered":"https:\/\/interaccionnoticias.com.mx\/?p=51626"},"modified":"2022-10-07T21:15:37","modified_gmt":"2022-10-08T02:15:37","slug":"estoy-tranquilo-dice-ex-lider-del-congreso-de-guerrero-ante-posible-auditoria-financiera","status":"publish","type":"post","link":"https:\/\/www.interaccionnoticias.com.mx\/?p=51626","title":{"rendered":"\u201cEstoy tranquilo\u201d, dice ex l\u00edder del Congreso de Guerrero, ante posible auditoria financiera"},"content":{"rendered":"\n<p><strong>&#8212; \u201cHay quienes pretenden encontrar el frijol en el arroz\u201d, dice Alfredo S\u00e1nchez Esquivel<\/strong><\/p>\n\n\n\n<p><strong>Rogelio Agust\u00edn<\/strong><\/p>\n\n\n\n<p>\u201cEstoy tranquilo\u201d, dijo el diputado Alfredo S\u00e1nchez Esquivel, a un mes de ser relevado de la presidencia de la Junta de Coordinaci\u00f3n Pol\u00edtica (Jucopo) del Congreso local, aunque sostiene que hay quienes pretenden \u201cencontrar el frijol en el arroz\u201d, respecto al tiempo en que tuvo en sus manos el control financiero del Poder Legislativo.<\/p>\n\n\n\n<p>Este fin de semana se cumplir\u00e1 un mes de que S\u00e1nchez Esquivel presentara su renuncia a la coordinaci\u00f3n de Morena y fuera sustituido por su compa\u00f1era de bancada, Yoloczin Dom\u00ednguez Serna, quien tambi\u00e9n lo relev\u00f3 en la presidencia de la Jucopo.<\/p>\n\n\n\n<p>S\u00e1nchez Esquivel sostiene que se encuentra tranquilo, pues se\u00f1ala que ya entreg\u00f3 todo lo que deb\u00eda y que tiene la certeza de que no incurri\u00f3 en malos manejos.<\/p>\n\n\n\n<p>Recuerda que recibi\u00f3 la presidencia de la Jucopo cuando el Congreso de Guerrero estaba en el lugar numero 31 en materia de transparencia, de los 32 que hay en el pa\u00eds.<\/p>\n\n\n\n<p>En estos momentos, asegura que el de Guerrero es uno de los Congresos m\u00e1s transparentes, aunque admite que para eso tuvo que enfrentar muchas resistencias.<\/p>\n\n\n\n<p>\u201cTen\u00edamos entre otras cosas una nomina muy inflada de aviadores, entonces lo que hicimos fue transparentar la relaci\u00f3n\u201d, asegura.<\/p>\n\n\n\n<p>Uno de los temas que se le cuestionan, es el de la demolici\u00f3n de la Biblioteca Siervo de la Naci\u00f3n, obra que actualmente se encuentra detenida y en la que se presume hubo malos manejos.<\/p>\n\n\n\n<p>S\u00e1nchez Esquivel refiere que dicha obra fue etiquetada por la Secretar\u00eda de Obras P\u00fablicas del Gobierno del Estado, que incluso la licitaci\u00f3n corri\u00f3 a cargo de la misma dependencia, por lo que en todo caso, es el titular el que habr\u00e1 de aportar los elementos necesarios para transparentar.<\/p>\n\n\n\n<p>Respecto al otro gran cuestionamiento que se le hace, es la entrega de miles de despensas y enseres dom\u00e9sticos por las que se gastaron m\u00e1s de 9 millones de pesos.<\/p>\n\n\n\n<p>En ese tema dijo que ese fue producto de un acuerdo de la Jucopo, el cual \u00fanicamente no fue respaldado por el coordinador de la fracci\u00f3n parlamentaria del PRI, H\u00e9ctor Apreza Patr\u00f3n.<\/p>\n\n\n\n<p>\u201cLa gran mayor\u00eda de los que recogieron su producto lo entregaron y proporcionaron las evidencias de sus entregas, fueron miles de despensas; tinacos, miles de pares de zapato para el pueblo de Guerrero y miles de cubetas de pintura\u201d.<\/p>\n\n\n\n<p>Alfredo S\u00e1nchez Esquivel asegura: \u201cLas cosas las hicimos bien y de manera correcta, estoy tranquilo\u201d.<\/p>\n\n\n\n<p>Luego ironiz\u00f3: \u201cSi alguien ten\u00eda la idea de encontrar el frijol en el arroz, pues se les complic\u00f3 el tema, porque nosotros actuamos de buena fe\u201d.<\/p>\n\n\n\n<p>El ex coordinador parlamentario de Morena sostiene que en el tema de transparencia, durante los 20 meses en que estuvo al frente, el Congreso de Guerrero avanz\u00f3 \u201ccomo no lo hab\u00eda hecho en muchas d\u00e9cadas\u201d.<\/p>\n","protected":false},"excerpt":{"rendered":"<p>&#8212; \u201cHay quienes pretenden encontrar el frijol en el arroz\u201d, dice Alfredo S\u00e1nchez Esquivel Rogelio Agust\u00edn \u201cEstoy tranquilo\u201d, dijo el diputado Alfredo S\u00e1nchez Esquivel, a un mes de ser relevado&hellip; <\/p>\n","protected":false},"author":21,"featured_media":51627,"comment_status":"open","ping_status":"open","sticky":false,"template":"","format":"standard","meta":{"fifu_image_url":"","fifu_image_alt":"","footnotes":""},"categories":[2],"tags":[],"class_list":["post-51626","post","type-post","status-publish","format-standard","has-post-thumbnail","hentry","category-congreso"],"_links":{"self":[{"href":"https:\/\/www.interaccionnoticias.com.mx\/index.php?rest_route=\/wp\/v2\/posts\/51626","targetHints":{"allow":["GET"]}}],"collection":[{"href":"https:\/\/www.interaccionnoticias.com.mx\/index.php?rest_route=\/wp\/v2\/posts"}],"about":[{"href":"https:\/\/www.interaccionnoticias.com.mx\/index.php?rest_route=\/wp\/v2\/types\/post"}],"author":[{"embeddable":true,"href":"https:\/\/www.interaccionnoticias.com.mx\/index.php?rest_route=\/wp\/v2\/users\/21"}],"replies":[{"embeddable":true,"href":"https:\/\/www.interaccionnoticias.com.mx\/index.php?rest_route=%2Fwp%2Fv2%2Fcomments&post=51626"}],"version-history":[{"count":1,"href":"https:\/\/www.interaccionnoticias.com.mx\/index.php?rest_route=\/wp\/v2\/posts\/51626\/revisions"}],"predecessor-version":[{"id":51628,"href":"https:\/\/www.interaccionnoticias.com.mx\/index.php?rest_route=\/wp\/v2\/posts\/51626\/revisions\/51628"}],"wp:featuredmedia":[{"embeddable":true,"href":"https:\/\/www.interaccionnoticias.com.mx\/index.php?rest_route=\/wp\/v2\/media\/51627"}],"wp:attachment":[{"href":"https:\/\/www.interaccionnoticias.com.mx\/index.php?rest_route=%2Fwp%2Fv2%2Fmedia&parent=51626"}],"wp:term":[{"taxonomy":"category","embeddable":true,"href":"https:\/\/www.interaccionnoticias.com.mx\/index.php?rest_route=%2Fwp%2Fv2%2Fcategories&post=51626"},{"taxonomy":"post_tag","embeddable":true,"href":"https:\/\/www.interaccionnoticias.com.mx\/index.php?rest_route=%2Fwp%2Fv2%2Ftags&post=51626"}],"curies":[{"name":"wp","href":"https:\/\/api.w.org\/{rel}","templated":true}]}}