{"id":51622,"date":"2022-10-07T18:16:50","date_gmt":"2022-10-07T23:16:50","guid":{"rendered":"https:\/\/interaccionnoticias.com.mx\/?p=51622"},"modified":"2022-10-07T18:16:55","modified_gmt":"2022-10-07T23:16:55","slug":"inauguran-evelyn-salgado-y-jorge-alcocer-la-22-semana-binacional-de-salud","status":"publish","type":"post","link":"https:\/\/www.interaccionnoticias.com.mx\/?p=51622","title":{"rendered":"Inauguran Evelyn Salgado y Jorge Alcocer la 22 Semana Binacional de Salud"},"content":{"rendered":"\n<p><strong><em>&#8212; Reitera la mandataria su compromiso por impulsar pol\u00edticas p\u00fablicas en materia de Salud para todos los guerrerenses, incluida la poblaci\u00f3n migrante<br>&#8212; Destaca el secretario de salud federal el trabajo de la gobernadora, con logros que se ven y se sienten en la atenci\u00f3n m\u00e9dica para la gente<\/em><\/strong><\/p>\n\n\n\n<p><strong>Acapulco, Gro., 07 de octubre de 2022.-<\/strong> Durante la inauguraci\u00f3n de la 22 Semana Binacional de Salud, la gobernadora, Evelyn Salgado Pineda destac\u00f3 y reconoci\u00f3 el esfuerzo conjunto que realizan la Secretar\u00eda de Salud (SS) federal, la Secretar\u00eda de Relaciones Exteriores (SRE), las instituciones y organizaciones estadounidenses, as\u00ed como de los miles de voluntarios nacionales y extranjeros, para atender a las familias migrantes mexicanas que radican en Estados Unidos, mediante el fomento de actividades de prevenci\u00f3n de enfermedades y promoci\u00f3n de la salud.<\/p>\n\n\n\n<p>\u00abDefinitivamente todo esto es producto de la cooperaci\u00f3n, del trabajo en equipo, de la solidaridad, de la fraternidad, beneficiando a casi medio mill\u00f3n de paisanos, que en su mayor\u00eda no cuentan con seguros m\u00e9dicos ni el acceso a este derecho humano\u00bb, se\u00f1al\u00f3 la mandataria.<\/p>\n\n\n\n<p>Con la presencia del secretario de Salud federal, Jorge Alcocer Varela, la jefa del Ejecutivo estatal reiter\u00f3 su compromiso de trabajar en esta coordinaci\u00f3n de esfuerzos, para impulsar pol\u00edticas de salud en beneficio de la poblaci\u00f3n guerrerense.<\/p>\n\n\n\n<p>\u00abNuestro estado tiene una gran proporci\u00f3n migrante, ustedes lo conocen, tiene el enorme inter\u00e9s tambi\u00e9n por generar las mejores condiciones por los guerrerenses, para los guerrerenses est\u00e9n en donde est\u00e9n. Lo hemos dicho en otros lugares, no vamos a dar la espalda a nuestros hermanos, a nuestras hermanas que se encuentran en Estados Unidos y en otros pa\u00edses\u00bb, a\u00f1adi\u00f3.<\/p>\n\n\n\n<p>Salgado Pineda confi\u00f3 en el \u00e9xito de esta edici\u00f3n, marcando un avance en la prevenci\u00f3n y fortalecimiento de salud de todas las familias, con especial \u00e9nfasis en la atenci\u00f3n de las enfermedades cr\u00f3nicas y las transmisibles, accesos a los servicios de salud, atenci\u00f3n a la salud mental, salud de la mujer, nutrici\u00f3n, entre otros aspectos. Dijo que en este marco, el compromiso de incrementar el acceso de nuestras paisanas y paisanos a los servicios de salud, es un gran reto que todas las autoridades e instituciones deben asumir.<\/p>\n\n\n\n<p>En su participaci\u00f3n, el secretario de Salud, Jorge Alcocer Varela expres\u00f3 su reconocimiento a la labor de la gobernadora Evelyn Salgado, quien, a trav\u00e9s de la estrategia impulsada, ha trabajado acertadamente por la salud de los guerrerenses.<\/p>\n\n\n\n<p>\u00abGracias gobernadora, por los logros que en tan poco tiempo, se ven y se sienten en la poblaci\u00f3n de este aguerrido estado de Guerrero\u00bb, dijo.<\/p>\n\n\n\n<p>El funcionario federal explic\u00f3 que, como parte de esta estrategia, tambi\u00e9n se llevan a cabo foros para abordar los temas m\u00e1s relevantes en materia de atenci\u00f3n, con diversos ejes tem\u00e1ticos.<\/p>\n\n\n\n<p>Asistieron al evento el director ejecutivo del Instituto de los Mexicanos en el Exterior, el embajador Ricardo Santana Vel\u00e1zquez; el director general del Insabi, Juan Antonio Ferrer Aguilar; el director del Issste, Pedro Mario Zenteno Santaella; la titular del DIF Nacional, Nuria Fern\u00e1ndez; la presidenta del DIF Guerrero, Liz Salgado Pineda, as\u00ed como secretarios de Salud de diversos estados y representantes del sector.<\/p>\n\n\n\n<figure class=\"wp-block-gallery columns-2 is-cropped wp-block-gallery-1 is-layout-flex wp-block-gallery-is-layout-flex\"><ul class=\"blocks-gallery-grid\"><li class=\"blocks-gallery-item\"><figure><img decoding=\"async\" src=\"data:image\/gif;base64,R0lGODlhAQABAIAAAAAAAP\/\/\/ywAAAAAAQABAAACAUwAOw==\" fifu-lazy=\"1\" fifu-data-sizes=\"auto\" fifu-data-srcset=\"https:\/\/i1.wp.com\/interaccionnoticias.com.mx\/wp-content\/uploads\/2022\/10\/221006-Binacional-de-Salud-1-1024x683.jpeg?ssl=1&w=75&resize=75&ssl=1 75w, https:\/\/i1.wp.com\/interaccionnoticias.com.mx\/wp-content\/uploads\/2022\/10\/221006-Binacional-de-Salud-1-1024x683.jpeg?ssl=1&w=100&resize=100&ssl=1 100w, https:\/\/i1.wp.com\/interaccionnoticias.com.mx\/wp-content\/uploads\/2022\/10\/221006-Binacional-de-Salud-1-1024x683.jpeg?ssl=1&w=150&resize=150&ssl=1 150w, https:\/\/i1.wp.com\/interaccionnoticias.com.mx\/wp-content\/uploads\/2022\/10\/221006-Binacional-de-Salud-1-1024x683.jpeg?ssl=1&w=240&resize=240&ssl=1 240w, https:\/\/i1.wp.com\/interaccionnoticias.com.mx\/wp-content\/uploads\/2022\/10\/221006-Binacional-de-Salud-1-1024x683.jpeg?ssl=1&w=320&resize=320&ssl=1 320w, https:\/\/i1.wp.com\/interaccionnoticias.com.mx\/wp-content\/uploads\/2022\/10\/221006-Binacional-de-Salud-1-1024x683.jpeg?ssl=1&w=500&resize=500&ssl=1 500w, https:\/\/i1.wp.com\/interaccionnoticias.com.mx\/wp-content\/uploads\/2022\/10\/221006-Binacional-de-Salud-1-1024x683.jpeg?ssl=1&w=640&resize=640&ssl=1 640w, https:\/\/i1.wp.com\/interaccionnoticias.com.mx\/wp-content\/uploads\/2022\/10\/221006-Binacional-de-Salud-1-1024x683.jpeg?ssl=1&w=800&resize=800&ssl=1 800w, https:\/\/i1.wp.com\/interaccionnoticias.com.mx\/wp-content\/uploads\/2022\/10\/221006-Binacional-de-Salud-1-1024x683.jpeg?ssl=1&w=1024&resize=1024&ssl=1 1024w, https:\/\/i1.wp.com\/interaccionnoticias.com.mx\/wp-content\/uploads\/2022\/10\/221006-Binacional-de-Salud-1-1024x683.jpeg?ssl=1&w=1280&resize=1280&ssl=1 1280w, https:\/\/i1.wp.com\/interaccionnoticias.com.mx\/wp-content\/uploads\/2022\/10\/221006-Binacional-de-Salud-1-1024x683.jpeg?ssl=1&w=1600&resize=1600&ssl=1 1600w\" fifu-data-src=\"https:\/\/i1.wp.com\/interaccionnoticias.com.mx\/wp-content\/uploads\/2022\/10\/221006-Binacional-de-Salud-1-1024x683.jpeg?ssl=1\" alt=\"\" data-id=\"51623\" data-full-url=\"https:\/\/interaccionnoticias.com.mx\/wp-content\/uploads\/2022\/10\/221006-Binacional-de-Salud-1.jpeg\" data-link=\"https:\/\/interaccionnoticias.com.mx\/?attachment_id=51623\" class=\"wp-image-51623\"\/><\/figure><\/li><li class=\"blocks-gallery-item\"><figure><img decoding=\"async\" src=\"data:image\/gif;base64,R0lGODlhAQABAIAAAAAAAP\/\/\/ywAAAAAAQABAAACAUwAOw==\" fifu-lazy=\"1\" fifu-data-sizes=\"auto\" fifu-data-srcset=\"https:\/\/i0.wp.com\/interaccionnoticias.com.mx\/wp-content\/uploads\/2022\/10\/221006-Binacional-de-Salud-2-1024x683.jpeg?ssl=1&w=75&resize=75&ssl=1 75w, https:\/\/i0.wp.com\/interaccionnoticias.com.mx\/wp-content\/uploads\/2022\/10\/221006-Binacional-de-Salud-2-1024x683.jpeg?ssl=1&w=100&resize=100&ssl=1 100w, https:\/\/i0.wp.com\/interaccionnoticias.com.mx\/wp-content\/uploads\/2022\/10\/221006-Binacional-de-Salud-2-1024x683.jpeg?ssl=1&w=150&resize=150&ssl=1 150w, https:\/\/i0.wp.com\/interaccionnoticias.com.mx\/wp-content\/uploads\/2022\/10\/221006-Binacional-de-Salud-2-1024x683.jpeg?ssl=1&w=240&resize=240&ssl=1 240w, https:\/\/i0.wp.com\/interaccionnoticias.com.mx\/wp-content\/uploads\/2022\/10\/221006-Binacional-de-Salud-2-1024x683.jpeg?ssl=1&w=320&resize=320&ssl=1 320w, https:\/\/i0.wp.com\/interaccionnoticias.com.mx\/wp-content\/uploads\/2022\/10\/221006-Binacional-de-Salud-2-1024x683.jpeg?ssl=1&w=500&resize=500&ssl=1 500w, https:\/\/i0.wp.com\/interaccionnoticias.com.mx\/wp-content\/uploads\/2022\/10\/221006-Binacional-de-Salud-2-1024x683.jpeg?ssl=1&w=640&resize=640&ssl=1 640w, https:\/\/i0.wp.com\/interaccionnoticias.com.mx\/wp-content\/uploads\/2022\/10\/221006-Binacional-de-Salud-2-1024x683.jpeg?ssl=1&w=800&resize=800&ssl=1 800w, https:\/\/i0.wp.com\/interaccionnoticias.com.mx\/wp-content\/uploads\/2022\/10\/221006-Binacional-de-Salud-2-1024x683.jpeg?ssl=1&w=1024&resize=1024&ssl=1 1024w, https:\/\/i0.wp.com\/interaccionnoticias.com.mx\/wp-content\/uploads\/2022\/10\/221006-Binacional-de-Salud-2-1024x683.jpeg?ssl=1&w=1280&resize=1280&ssl=1 1280w, https:\/\/i0.wp.com\/interaccionnoticias.com.mx\/wp-content\/uploads\/2022\/10\/221006-Binacional-de-Salud-2-1024x683.jpeg?ssl=1&w=1600&resize=1600&ssl=1 1600w\" fifu-data-src=\"https:\/\/i0.wp.com\/interaccionnoticias.com.mx\/wp-content\/uploads\/2022\/10\/221006-Binacional-de-Salud-2-1024x683.jpeg?ssl=1\" alt=\"\" data-id=\"51624\" data-full-url=\"https:\/\/interaccionnoticias.com.mx\/wp-content\/uploads\/2022\/10\/221006-Binacional-de-Salud-2.jpeg\" data-link=\"https:\/\/interaccionnoticias.com.mx\/?attachment_id=51624\" class=\"wp-image-51624\"\/><\/figure><\/li><\/ul><\/figure>\n","protected":false},"excerpt":{"rendered":"<p>&#8212; Reitera la mandataria su compromiso por impulsar pol\u00edticas p\u00fablicas en materia de Salud para todos los guerrerenses, incluida la poblaci\u00f3n migrante&#8212; Destaca el secretario de salud federal el trabajo&hellip; <\/p>\n","protected":false},"author":19,"featured_media":51624,"comment_status":"open","ping_status":"open","sticky":false,"template":"","format":"standard","meta":{"fifu_image_url":"","fifu_image_alt":"","footnotes":""},"categories":[11],"tags":[],"class_list":["post-51622","post","type-post","status-publish","format-standard","has-post-thumbnail","hentry","category-guerrero"],"_links":{"self":[{"href":"https:\/\/www.interaccionnoticias.com.mx\/index.php?rest_route=\/wp\/v2\/posts\/51622","targetHints":{"allow":["GET"]}}],"collection":[{"href":"https:\/\/www.interaccionnoticias.com.mx\/index.php?rest_route=\/wp\/v2\/posts"}],"about":[{"href":"https:\/\/www.interaccionnoticias.com.mx\/index.php?rest_route=\/wp\/v2\/types\/post"}],"author":[{"embeddable":true,"href":"https:\/\/www.interaccionnoticias.com.mx\/index.php?rest_route=\/wp\/v2\/users\/19"}],"replies":[{"embeddable":true,"href":"https:\/\/www.interaccionnoticias.com.mx\/index.php?rest_route=%2Fwp%2Fv2%2Fcomments&post=51622"}],"version-history":[{"count":1,"href":"https:\/\/www.interaccionnoticias.com.mx\/index.php?rest_route=\/wp\/v2\/posts\/51622\/revisions"}],"predecessor-version":[{"id":51625,"href":"https:\/\/www.interaccionnoticias.com.mx\/index.php?rest_route=\/wp\/v2\/posts\/51622\/revisions\/51625"}],"wp:featuredmedia":[{"embeddable":true,"href":"https:\/\/www.interaccionnoticias.com.mx\/index.php?rest_route=\/wp\/v2\/media\/51624"}],"wp:attachment":[{"href":"https:\/\/www.interaccionnoticias.com.mx\/index.php?rest_route=%2Fwp%2Fv2%2Fmedia&parent=51622"}],"wp:term":[{"taxonomy":"category","embeddable":true,"href":"https:\/\/www.interaccionnoticias.com.mx\/index.php?rest_route=%2Fwp%2Fv2%2Fcategories&post=51622"},{"taxonomy":"post_tag","embeddable":true,"href":"https:\/\/www.interaccionnoticias.com.mx\/index.php?rest_route=%2Fwp%2Fv2%2Ftags&post=51622"}],"curies":[{"name":"wp","href":"https:\/\/api.w.org\/{rel}","templated":true}]}}