{"id":51619,"date":"2022-10-07T18:12:53","date_gmt":"2022-10-07T23:12:53","guid":{"rendered":"https:\/\/interaccionnoticias.com.mx\/?p=51619"},"modified":"2022-10-07T18:12:58","modified_gmt":"2022-10-07T23:12:58","slug":"el-ayuntamiento-de-chilpancingo-pretende-cobrar-por-un-servicio-que-no-proporciona","status":"publish","type":"post","link":"https:\/\/www.interaccionnoticias.com.mx\/?p=51619","title":{"rendered":"El ayuntamiento de Chilpancingo pretende cobrar por un servicio que no proporciona"},"content":{"rendered":"\n<p><strong><em>&#8212; Dirigentes del sistema Pe\u00f1a Rajada denunciaron que Capach pretende instalarles medidores cuando no les dota de agua<\/em><\/strong><\/p>\n\n\n\n<p><strong>Rosario Garc\u00eda Orozco<\/strong><\/p>\n\n\n\n<p><strong>Chilpancingo, Gro., 7 de octubre del 2022.- <\/strong>Dirigentes del sistema de agua Pe\u00f1a Rajada denunciaron que el ayuntamiento de Chilpancingo pretende cobrar por el servicio de agua, cuando no brinda ese atenci\u00f3n a las 6 colonias que se abastecen de manera independiente desde hace varios a\u00f1os.<\/p>\n\n\n\n<p>En conferencia de prensa, los dirigentes de ese sistema, encabezados por Jes\u00fas Escobedo Gonz\u00e1lez, vice presidente de la Asociaci\u00f3n Civil Pe\u00f1a Rajada, informaron que el gobierno del estado aprob\u00f3 la rehabilitaci\u00f3n del sistema de agua para esa zona, que tendr\u00e1 una inversi\u00f3n de 13 millones de pesos, pero que el ayuntamiento ser\u00e1 quien ejecute la obra y est\u00e1 condicionando a los habitantes de ese sector de la ciudad a que le paguen por el servicio de agua a la para municipal Comisi\u00f3n de Agua Potable y Alcantarillado de Chilpancingo (Capach).<\/p>\n\n\n\n<p>\u00abEso no puede ser, primero porque el agua se distribuye por gravedad y desde hace varios a\u00f1os nosotros nos hemos cooperado para las reparaciones que son necesarias, para el mantenimiento del sistema, y no se requiere bombeo, \u00bfpor qu\u00e9 nos va a cobrar el ayuntamiento si no le va a costar nada?\u00bb, cuestionaron.<\/p>\n\n\n\n<p>La obra es la rehabilitaci\u00f3n de 4 kil\u00f3metros de la l\u00ednea de agua potable, que fue autorizada desde hace 6 meses, pero recientemente autoridades municipales les informaron que les van a colocar medidores a las tomas, \u00abel sistema inicial lo hicimos nosotros, solo nos apoyar\u00e1n a ampliarlo, \u00bfy nos van a colocar esos aparatos para cobrarnos cu\u00e1nto de agua, porque actualmente llegamos a pagar 30 \u00f3 35 pesos al mes, y como una cooperaci\u00f3n para dar mantenimiento a la red\u00bb, dijeron los afectados.<\/p>\n\n\n\n<p>Agregaron que desde hace m\u00e1s de 34 a\u00f1os han operado de manera independiente ese sistema, y no tienen que esperar que el ayuntamiento les apoye, porque cuando lo han solicitado reparan una fuga en 15 d\u00edas, y ellos lo hacen en un d\u00eda, \u00abcon recursos de los habitantes de las seis colonias hemos pagado el 80 por ciento de la construcci\u00f3n de las l\u00edneas de conducci\u00f3n y redes de distribuci\u00f3n, y no cobramos el servicio de agua, solo se pide una cooperaci\u00f3n para hacer repaciones o para piezas especiales cuando se debe dar mantenimiento y la Capach nos quiere cobrar por toma, cuando el agua de nosotros no genera gastos porque es por gravedad\u00bb.<\/p>\n\n\n\n<p>Las colonias que hasta este momento se benefician con el sistema Pe\u00f1a Rajada son La Pradera, Plan de Ayala, Lomas del Poniente, Independencia, Eduardo Neri y Las Palmas, donde se han contabilizado unas 10 mil tomas.<\/p>\n\n\n\n<p>El estado elabor\u00f3 el proyecto, luego de varias movilizaciones, dijo Jes\u00fas Escobedo, pero ser\u00e1 el ayuntamiento quien ejecute la obra, seg\u00fan les han informado y pretenden que el sistema forme parte de la red de distribuci\u00f3n de Capach, \u00abellos ya tuvieron hace mucho tiempo la operaci\u00f3n del sistema y no pudieron, ahora nosotros lo hacemos, no saben ni son capaces de operarlo, ah pero s\u00ed quieren cobrar\u00bb.<\/p>\n\n\n\n<p>Advirtieron que si el ayuntamiento capitalino insiste en condicionarles la obra, van a realizar movilizaciones como la toma de calles y hasta bloquear la Autopista del Sol \u00abla Capach nos la quiere dejar caer, para cobrarnos con medidor desde 200 pesos hasta 800 pesos, cuando no han sido capaces de rehabilitar ni siquiera el sistema\u00bb.<\/p>\n","protected":false},"excerpt":{"rendered":"<p>&#8212; Dirigentes del sistema Pe\u00f1a Rajada denunciaron que Capach pretende instalarles medidores cuando no les dota de agua Rosario Garc\u00eda Orozco Chilpancingo, Gro., 7 de octubre del 2022.- Dirigentes del&hellip; <\/p>\n","protected":false},"author":14,"featured_media":51620,"comment_status":"open","ping_status":"open","sticky":false,"template":"","format":"standard","meta":{"fifu_image_url":"","fifu_image_alt":"","footnotes":""},"categories":[13],"tags":[],"class_list":["post-51619","post","type-post","status-publish","format-standard","has-post-thumbnail","hentry","category-capital"],"_links":{"self":[{"href":"https:\/\/www.interaccionnoticias.com.mx\/index.php?rest_route=\/wp\/v2\/posts\/51619","targetHints":{"allow":["GET"]}}],"collection":[{"href":"https:\/\/www.interaccionnoticias.com.mx\/index.php?rest_route=\/wp\/v2\/posts"}],"about":[{"href":"https:\/\/www.interaccionnoticias.com.mx\/index.php?rest_route=\/wp\/v2\/types\/post"}],"author":[{"embeddable":true,"href":"https:\/\/www.interaccionnoticias.com.mx\/index.php?rest_route=\/wp\/v2\/users\/14"}],"replies":[{"embeddable":true,"href":"https:\/\/www.interaccionnoticias.com.mx\/index.php?rest_route=%2Fwp%2Fv2%2Fcomments&post=51619"}],"version-history":[{"count":1,"href":"https:\/\/www.interaccionnoticias.com.mx\/index.php?rest_route=\/wp\/v2\/posts\/51619\/revisions"}],"predecessor-version":[{"id":51621,"href":"https:\/\/www.interaccionnoticias.com.mx\/index.php?rest_route=\/wp\/v2\/posts\/51619\/revisions\/51621"}],"wp:featuredmedia":[{"embeddable":true,"href":"https:\/\/www.interaccionnoticias.com.mx\/index.php?rest_route=\/wp\/v2\/media\/51620"}],"wp:attachment":[{"href":"https:\/\/www.interaccionnoticias.com.mx\/index.php?rest_route=%2Fwp%2Fv2%2Fmedia&parent=51619"}],"wp:term":[{"taxonomy":"category","embeddable":true,"href":"https:\/\/www.interaccionnoticias.com.mx\/index.php?rest_route=%2Fwp%2Fv2%2Fcategories&post=51619"},{"taxonomy":"post_tag","embeddable":true,"href":"https:\/\/www.interaccionnoticias.com.mx\/index.php?rest_route=%2Fwp%2Fv2%2Ftags&post=51619"}],"curies":[{"name":"wp","href":"https:\/\/api.w.org\/{rel}","templated":true}]}}