{"id":51616,"date":"2022-10-07T16:39:53","date_gmt":"2022-10-07T21:39:53","guid":{"rendered":"https:\/\/interaccionnoticias.com.mx\/?p=51616"},"modified":"2022-10-07T16:39:58","modified_gmt":"2022-10-07T21:39:58","slug":"el-film-documental-un-mexico-perro-fue-uno-de-los-3-seleccionados-para-la-alfombra-roja-del-festival-de-cine-de-los-angeles","status":"publish","type":"post","link":"https:\/\/www.interaccionnoticias.com.mx\/?p=51616","title":{"rendered":"El film documental \u2018Un M\u00e9xico Perro\u2019 fue uno de los 3 seleccionados para la alfombra roja del Festival de Cine de los \u00c1ngeles"},"content":{"rendered":"\n<p><strong>Dassaev T\u00e9llez Adame<\/strong><\/p>\n\n\n\n<p><strong>Chilpancingo, 7 de octubre. &#8211;<\/strong> Con un rotundo \u00e9xito se llev\u00f3 a cabo la premiere en los Estados Unidos de \u2018Un M\u00e9xico Perro\u2019, el film que cuenta y narra la vida del luchador \u2018El Perro Aguayo\u2019 de los cineastas mexicanos Rafael Aparicio y Andr\u00e9s Klimek.<\/p>\n\n\n\n<p>Cabe puntualizar que su proyecci\u00f3n formo parte del \u2018Hola M\u00e9xico Film Festival\u2019 realizado en la ciudad de Los \u00c1ngeles y que solo cont\u00f3 con 3 alfombras rojas, siendo una de estas para el documental de lucha libre hecho por los cineastas de origen guerrerense.<\/p>\n\n\n\n<p>En voz del cineasta oriundo de Chilpancingo, Rafael Aparicio, \u201cde las 25 pel\u00edculas que se presentan en el festival, solo hubo tres alfombras rojas y una de ellas fue para Un M\u00e9xico Perro, no sabes la emoci\u00f3n que sentimos, se nos pone la piel chinita, porque fuimos seleccionados entre las veinticinco seleccionadas\u201d.<\/p>\n\n\n\n<p>Adelantando que en proximas semanas este documental se estrenar\u00e1 en el estado de Guerrero.<\/p>\n\n\n\n<p>En esta edici\u00f3n, la n\u00famero 14, se albergo a las pel\u00edculas m\u00e1s galardonadas y taquilleras de M\u00e9xico y que se visualizaron en la uni\u00f3n americana.<\/p>\n\n\n\n<p>El festival cont\u00f3 con la presencia de actores y directores de talla internacional como Joaqu\u00edn Cos\u00edo, Nailea Norvind as\u00ed como de los mismos cineastas originarios del Estado de Guerrero.<\/p>\n\n\n\n<p>Entre el 2 y el 10 de octubre, y ya de manera totalmente presencial, regreso a Los \u00c1ngeles el Hola M\u00e9xico Film Festival, un evento que se precia de ser el m\u00e1s grande de su tipo fuera de tierras aztecas y que, pese a haber incluido en algunas de sus ediciones pel\u00edculas procedentes de otros territorios, dedica sus mayores esfuerzos a la proyecci\u00f3n de cintas recientes que provienen del pa\u00eds vecino.<\/p>\n\n\n\n<p>En ese sentido, la edici\u00f3n n\u00famero 14 del festival presenta una programaci\u00f3n oficial de largometrajes que se encuentra enteramente conformada por producciones o coproducciones mexicanas debidamente subtituladas en ingl\u00e9s, lo que marca una clara diferencia con el Los Angeles Latino Film Festival (LALIFF) de Edward James Olmos -que proyecta muchos trabajos estadounidenses de origen latino-, y ahora, con el GuadaLAjara Film Festival (GLAFF).<\/p>\n","protected":false},"excerpt":{"rendered":"<p>Dassaev T\u00e9llez Adame Chilpancingo, 7 de octubre. &#8211; Con un rotundo \u00e9xito se llev\u00f3 a cabo la premiere en los Estados Unidos de \u2018Un M\u00e9xico Perro\u2019, el film que cuenta&hellip; <\/p>\n","protected":false},"author":9,"featured_media":51617,"comment_status":"open","ping_status":"open","sticky":false,"template":"","format":"standard","meta":{"fifu_image_url":"","fifu_image_alt":"","footnotes":""},"categories":[11],"tags":[],"class_list":["post-51616","post","type-post","status-publish","format-standard","has-post-thumbnail","hentry","category-guerrero"],"_links":{"self":[{"href":"https:\/\/www.interaccionnoticias.com.mx\/index.php?rest_route=\/wp\/v2\/posts\/51616","targetHints":{"allow":["GET"]}}],"collection":[{"href":"https:\/\/www.interaccionnoticias.com.mx\/index.php?rest_route=\/wp\/v2\/posts"}],"about":[{"href":"https:\/\/www.interaccionnoticias.com.mx\/index.php?rest_route=\/wp\/v2\/types\/post"}],"author":[{"embeddable":true,"href":"https:\/\/www.interaccionnoticias.com.mx\/index.php?rest_route=\/wp\/v2\/users\/9"}],"replies":[{"embeddable":true,"href":"https:\/\/www.interaccionnoticias.com.mx\/index.php?rest_route=%2Fwp%2Fv2%2Fcomments&post=51616"}],"version-history":[{"count":1,"href":"https:\/\/www.interaccionnoticias.com.mx\/index.php?rest_route=\/wp\/v2\/posts\/51616\/revisions"}],"predecessor-version":[{"id":51618,"href":"https:\/\/www.interaccionnoticias.com.mx\/index.php?rest_route=\/wp\/v2\/posts\/51616\/revisions\/51618"}],"wp:featuredmedia":[{"embeddable":true,"href":"https:\/\/www.interaccionnoticias.com.mx\/index.php?rest_route=\/wp\/v2\/media\/51617"}],"wp:attachment":[{"href":"https:\/\/www.interaccionnoticias.com.mx\/index.php?rest_route=%2Fwp%2Fv2%2Fmedia&parent=51616"}],"wp:term":[{"taxonomy":"category","embeddable":true,"href":"https:\/\/www.interaccionnoticias.com.mx\/index.php?rest_route=%2Fwp%2Fv2%2Fcategories&post=51616"},{"taxonomy":"post_tag","embeddable":true,"href":"https:\/\/www.interaccionnoticias.com.mx\/index.php?rest_route=%2Fwp%2Fv2%2Ftags&post=51616"}],"curies":[{"name":"wp","href":"https:\/\/api.w.org\/{rel}","templated":true}]}}