{"id":5151,"date":"2017-06-08T08:42:46","date_gmt":"2017-06-08T13:42:46","guid":{"rendered":"http:\/\/www.inter-accion.com.mx\/?p=5151"},"modified":"2017-06-08T08:42:46","modified_gmt":"2017-06-08T13:42:46","slug":"marcha-ceteg-en-tlapa","status":"publish","type":"post","link":"https:\/\/www.interaccionnoticias.com.mx\/?p=5151","title":{"rendered":"Marcha CETEG en Tlapa"},"content":{"rendered":"<p class=\"m_-6816998673935877020xmsonormal\"><strong><span lang=\"ES\">Conmemoran dos a\u00f1os del asesinato del profesor Antonio Vivar<\/span><\/strong><\/p>\n<p class=\"m_-6816998673935877020xmsonormal\">&nbsp;<span lang=\"ES\">Con una marcha y pintas en oficinas de gobierno, integrantes de la Coordinadora Estatal de Trabajadores de la Educaci\u00f3n de Guerrero (CETEG) marcharon en Tlapa de Comonfort, para recordar el segundo aniversario del asesinato de Antonio Vivar D\u00edaz, egresado de la Universidad Pedag\u00f3gica Nacional (UPN).<\/span><\/p>\n<p class=\"m_-6816998673935877020xmsonormal\"><span lang=\"ES\">La movilizaci\u00f3n comenz\u00f3 en la entrada sur de la ciudad, realiz\u00f3 un recorrido con direcci\u00f3n a la plaza central, durante el recorrido, el contingente de manifestantes hizo un llamado constante a la poblaci\u00f3n para que no olvidara el costo social que tuvo la realizaci\u00f3n de los comicios concurrentes de 2015.<\/span><\/p>\n<p class=\"m_-6816998673935877020xmsonormal\"><span lang=\"ES\">Recordaron que ese a\u00f1o, en el marco de las protestas generadas por la desaparici\u00f3n de los 43 estudiantes de la Normal Rural de Aytzinapa, la Polic\u00eda Federal (PF) y del Estado intervinieron para liberar los edificios que albergaban a los \u00f3rganos electorales, lo que propici\u00f3 una confrontaci\u00f3n directa entre los integrantes del movimiento popular y las corporaciones polic\u00edacas, que contaron con el respaldo de grupos de transportistas &nbsp;y golpeadores al servicio de diferentes partidos pol\u00edticos.<\/span><\/p>\n<p class=\"m_-6816998673935877020xmsonormal\"><span lang=\"ES\">El magisterio se hab\u00eda apoderado de los \u00f3rganos electorales, con el argumento de que no podr\u00edan realizarse los comicios mientras los estudiantes desaparecidos no fueran presentados con vida.<\/span><\/p>\n<p class=\"m_-6816998673935877020xmsonormal\"><span lang=\"ES\">Por esa raz\u00f3n, en el trayecto de la movilizaci\u00f3n los profesores disidentes pintarrajearon la casa de gesti\u00f3n del diputado federal Victoriano Wences Real, quien en 2015 era presidente municipal con licencia de Tlapa y contend\u00eda por una curul en el Congreso de la Uni\u00f3n, tambi\u00e9n hicieron una parada en la direcci\u00f3n de Tr\u00e1nsito Municipal y en el sitio de taxi Benito Ju\u00e1rez, cuyos l\u00edderes fueron acusados de actuar como grupo de choque del PRI.<\/span><\/p>\n<p class=\"m_-6816998673935877020xmsonormal\"><span lang=\"ES\">Recordaron que el asesinato del profesor Vivar D\u00edaz se gener\u00f3 a partir de una intervenci\u00f3n de la PF durante la noche del 7 de junio de 2015, en una acci\u00f3n en la que los uniformados utilizaron armas de fuego, lo va contra todo protocolo policial relacionado con la atenci\u00f3n a protestas de car\u00e1cter social.<\/span><\/p>\n<p class=\"m_-6816998673935877020xmsonormal\"><span lang=\"ES\">En esta ocasi\u00f3n no hubo intervenci\u00f3n polic\u00edaca, pese a las acciones en los edificios p\u00fablicos, los mentores pudieron culminar la protesta sin ning\u00fan tipo de acto intimidatorio.<\/span><\/p>\n<p class=\"m_-6816998673935877020xmsonormal\"><span lang=\"ES\">En consecuencia, tampoco se registraron detenciones de personas.<\/span><\/p>\n","protected":false},"excerpt":{"rendered":"<p>Conmemoran dos a\u00f1os del asesinato del profesor Antonio Vivar &nbsp;Con una marcha y pintas en oficinas de gobierno, integrantes de la Coordinadora Estatal de Trabajadores de la Educaci\u00f3n de Guerrero&hellip; <\/p>\n","protected":false},"author":1,"featured_media":0,"comment_status":"closed","ping_status":"closed","sticky":false,"template":"","format":"standard","meta":{"fifu_image_url":"","fifu_image_alt":"","footnotes":""},"categories":[8,15],"tags":[],"class_list":["post-5151","post","type-post","status-publish","format-standard","hentry","category-featured","category-movimientos-sociales"],"_links":{"self":[{"href":"https:\/\/www.interaccionnoticias.com.mx\/index.php?rest_route=\/wp\/v2\/posts\/5151","targetHints":{"allow":["GET"]}}],"collection":[{"href":"https:\/\/www.interaccionnoticias.com.mx\/index.php?rest_route=\/wp\/v2\/posts"}],"about":[{"href":"https:\/\/www.interaccionnoticias.com.mx\/index.php?rest_route=\/wp\/v2\/types\/post"}],"author":[{"embeddable":true,"href":"https:\/\/www.interaccionnoticias.com.mx\/index.php?rest_route=\/wp\/v2\/users\/1"}],"replies":[{"embeddable":true,"href":"https:\/\/www.interaccionnoticias.com.mx\/index.php?rest_route=%2Fwp%2Fv2%2Fcomments&post=5151"}],"version-history":[{"count":0,"href":"https:\/\/www.interaccionnoticias.com.mx\/index.php?rest_route=\/wp\/v2\/posts\/5151\/revisions"}],"wp:attachment":[{"href":"https:\/\/www.interaccionnoticias.com.mx\/index.php?rest_route=%2Fwp%2Fv2%2Fmedia&parent=5151"}],"wp:term":[{"taxonomy":"category","embeddable":true,"href":"https:\/\/www.interaccionnoticias.com.mx\/index.php?rest_route=%2Fwp%2Fv2%2Fcategories&post=5151"},{"taxonomy":"post_tag","embeddable":true,"href":"https:\/\/www.interaccionnoticias.com.mx\/index.php?rest_route=%2Fwp%2Fv2%2Ftags&post=5151"}],"curies":[{"name":"wp","href":"https:\/\/api.w.org\/{rel}","templated":true}]}}