{"id":51483,"date":"2022-10-05T20:17:44","date_gmt":"2022-10-06T01:17:44","guid":{"rendered":"https:\/\/interaccionnoticias.com.mx\/?p=51483"},"modified":"2022-10-05T20:17:49","modified_gmt":"2022-10-06T01:17:49","slug":"la-comunidad-lgbt-asegura-sentirse-mas-vulnerable-por-hechos-de-violencia","status":"publish","type":"post","link":"https:\/\/www.interaccionnoticias.com.mx\/?p=51483","title":{"rendered":"La comunidad LGBT asegura sentirse m\u00e1s vulnerable por hechos de violencia"},"content":{"rendered":"\n<p><strong>Rosario Garc\u00eda Orozco<\/strong><\/p>\n\n\n\n<p><strong>Chilpancingo, Gro., 5 de octubre del 2022.-<\/strong> Activistas de la comunidad l\u00e9sbico gay de Iguala, lamentaron que se sigan dando agresiones contra integrantes de ese sector de la poblaci\u00f3n, quienes se sienten m\u00e1s vulnerables en su seguridad, denunci\u00f3 Obed Ben\u00edtez, director de la Fundaci\u00f3n Trans Vive.<\/p>\n\n\n\n<p>El activista denunci\u00f3 que si a las mujeres se les revictimiza, en hombres y mujeres transexuales es m\u00e1s grave ese tipo de violencia.<\/p>\n\n\n\n<p>El pasado 24 de septiembre fue asesinada Luna, una mujer transexual en el centro de la ciudad de Iguala.<\/p>\n\n\n\n<p>Vecinos del lugar solo refirieron que alrededor de las 2 de la ma\u00f1ana, sobre la calle Morelos de la ciudad tamarindera se escuch\u00f3 una ri\u00f1a, y posteriormente s\u00f3lo se vio el cuerpo del joven tirado entre la banqueta y la calle, con golpes en la cara y varias heridas producidas por arma punzocortante.<\/p>\n\n\n\n<p>Obed Ben\u00edtez lament\u00f3 el homicidio de Francisco Javier Flores, conocido en Iguala como \u00abLuna\u00bb.<\/p>\n\n\n\n<p>Mencion\u00f3 que el homicidio se suscit\u00f3 en el interior de un bar y se sigui\u00f3 en la calle, \u00abla chica prestaba sexoservicios en ese lugar. Despu\u00e9s de la agresi\u00f3n, la v\u00edctima camino a\u00fan y pidi\u00f3 auxilio, pero nadie la ayud\u00f3\u00bb.<\/p>\n\n\n\n<p>Sostuvo que el 28 de septiembre pasado, la Fiscalia General del Estado present\u00f3 al presunto responsable, que fue la pareja sentimental de Luna, Tom\u00e1s \u00abN\u00bb, quien confeso haber cometido el homicidio por problemas de pareja.<\/p>\n\n\n\n<p>Se tiene conocimiento tambi\u00e9n de otro hecho de violencia contra la comunidad LGTB. Se trata del homicidio del estilista Jean de 30 a\u00f1os de edad, quien fue asesinado a balazos en su est\u00e9tica en la colonia Tomatal, tambi\u00e9n de la cuidad de Iguala en agosto pasado, sobre ese hecho no se han dado a conocer avances de la investigaci\u00f3n.<\/p>\n","protected":false},"excerpt":{"rendered":"<p>Rosario Garc\u00eda Orozco Chilpancingo, Gro., 5 de octubre del 2022.- Activistas de la comunidad l\u00e9sbico gay de Iguala, lamentaron que se sigan dando agresiones contra integrantes de ese sector de&hellip; <\/p>\n","protected":false},"author":14,"featured_media":51484,"comment_status":"open","ping_status":"open","sticky":false,"template":"","format":"standard","meta":{"fifu_image_url":"","fifu_image_alt":"","footnotes":""},"categories":[29],"tags":[],"class_list":["post-51483","post","type-post","status-publish","format-standard","has-post-thumbnail","hentry","category-sociedad"],"_links":{"self":[{"href":"https:\/\/www.interaccionnoticias.com.mx\/index.php?rest_route=\/wp\/v2\/posts\/51483","targetHints":{"allow":["GET"]}}],"collection":[{"href":"https:\/\/www.interaccionnoticias.com.mx\/index.php?rest_route=\/wp\/v2\/posts"}],"about":[{"href":"https:\/\/www.interaccionnoticias.com.mx\/index.php?rest_route=\/wp\/v2\/types\/post"}],"author":[{"embeddable":true,"href":"https:\/\/www.interaccionnoticias.com.mx\/index.php?rest_route=\/wp\/v2\/users\/14"}],"replies":[{"embeddable":true,"href":"https:\/\/www.interaccionnoticias.com.mx\/index.php?rest_route=%2Fwp%2Fv2%2Fcomments&post=51483"}],"version-history":[{"count":1,"href":"https:\/\/www.interaccionnoticias.com.mx\/index.php?rest_route=\/wp\/v2\/posts\/51483\/revisions"}],"predecessor-version":[{"id":51485,"href":"https:\/\/www.interaccionnoticias.com.mx\/index.php?rest_route=\/wp\/v2\/posts\/51483\/revisions\/51485"}],"wp:featuredmedia":[{"embeddable":true,"href":"https:\/\/www.interaccionnoticias.com.mx\/index.php?rest_route=\/wp\/v2\/media\/51484"}],"wp:attachment":[{"href":"https:\/\/www.interaccionnoticias.com.mx\/index.php?rest_route=%2Fwp%2Fv2%2Fmedia&parent=51483"}],"wp:term":[{"taxonomy":"category","embeddable":true,"href":"https:\/\/www.interaccionnoticias.com.mx\/index.php?rest_route=%2Fwp%2Fv2%2Fcategories&post=51483"},{"taxonomy":"post_tag","embeddable":true,"href":"https:\/\/www.interaccionnoticias.com.mx\/index.php?rest_route=%2Fwp%2Fv2%2Ftags&post=51483"}],"curies":[{"name":"wp","href":"https:\/\/api.w.org\/{rel}","templated":true}]}}