{"id":51471,"date":"2022-10-05T17:01:19","date_gmt":"2022-10-05T22:01:19","guid":{"rendered":"https:\/\/interaccionnoticias.com.mx\/?p=51471"},"modified":"2022-10-05T17:01:24","modified_gmt":"2022-10-05T22:01:24","slug":"prd-exige-justicia-para-las-victimas-de-la-masacre-en-san-miguel-totolapan","status":"publish","type":"post","link":"https:\/\/www.interaccionnoticias.com.mx\/?p=51471","title":{"rendered":"PRD exige justicia para las v\u00edctimas de la masacre en San Miguel Totolapan"},"content":{"rendered":"\n<p><strong><em>&#8212; Entre las victimas est\u00e1 el alcalde, Conrado Mendoza Almeda y su pap\u00e1, Juan Mendoza Acosta<\/em><\/strong><\/p>\n\n\n\n<p><strong>Rogelio Agust\u00edn<\/strong><\/p>\n\n\n\n<p>El dirigente estatal del PRD, Alberto Catal\u00e1n Bastida confirm\u00f3 el asesinato del presidente municipal de San Miguel Totolapan, Conrado Mendoza Almeda y de su pap\u00e1, Juan Mendoza Acosta, adem\u00e1s de un n\u00famero importante de personas, por lo que exigi\u00f3 que se investigue el caso y sancione a los responsables.<\/p>\n\n\n\n<p>V\u00eda telef\u00f3nica, Catal\u00e1n Bastida confirm\u00f3 que ya hab\u00eda dialogado con funcionarios del Gobierno de Guerrero, as\u00ed como de la Mesa Central para la Construcci\u00f3n, que le confirmaron el asesinato del jefe de Cabildo de San Miguel, su pap\u00e1 y por lo menos seis personas m\u00e1s, entre ellos varios polic\u00edas preventivos.<\/p>\n\n\n\n<p>Dijo que en el PRD no ten\u00edan reportes de alg\u00fan tipo de amenaza en contra del alcalde y su antecesor en el cargo, ambos militantes del partido del sol azteca.<\/p>\n\n\n\n<p>Sin embargo, hizo un llamado a la Fiscal\u00eda General del Estado (FGE) para que investigue el caso, lo esclarezca y se castigue a los responsables.<\/p>\n\n\n\n<p>Se espera que en el transcurso de la noche del mi\u00e9rcoles 5 de octubre, la dirigencia estatal del PRD se reuna para analizar lo que pas\u00f3 y emitir un comunicado de manera puntual.<\/p>\n\n\n\n<p>Indic\u00f3 que al seno del partido amarillo hay consternaci\u00f3n por lo sucedido y exigen justicia.<\/p>\n","protected":false},"excerpt":{"rendered":"<p>&#8212; Entre las victimas est\u00e1 el alcalde, Conrado Mendoza Almeda y su pap\u00e1, Juan Mendoza Acosta Rogelio Agust\u00edn El dirigente estatal del PRD, Alberto Catal\u00e1n Bastida confirm\u00f3 el asesinato del&hellip; <\/p>\n","protected":false},"author":21,"featured_media":48537,"comment_status":"open","ping_status":"open","sticky":false,"template":"","format":"standard","meta":{"fifu_image_url":"","fifu_image_alt":"","footnotes":""},"categories":[21],"tags":[],"class_list":["post-51471","post","type-post","status-publish","format-standard","has-post-thumbnail","hentry","category-politica"],"_links":{"self":[{"href":"https:\/\/www.interaccionnoticias.com.mx\/index.php?rest_route=\/wp\/v2\/posts\/51471","targetHints":{"allow":["GET"]}}],"collection":[{"href":"https:\/\/www.interaccionnoticias.com.mx\/index.php?rest_route=\/wp\/v2\/posts"}],"about":[{"href":"https:\/\/www.interaccionnoticias.com.mx\/index.php?rest_route=\/wp\/v2\/types\/post"}],"author":[{"embeddable":true,"href":"https:\/\/www.interaccionnoticias.com.mx\/index.php?rest_route=\/wp\/v2\/users\/21"}],"replies":[{"embeddable":true,"href":"https:\/\/www.interaccionnoticias.com.mx\/index.php?rest_route=%2Fwp%2Fv2%2Fcomments&post=51471"}],"version-history":[{"count":1,"href":"https:\/\/www.interaccionnoticias.com.mx\/index.php?rest_route=\/wp\/v2\/posts\/51471\/revisions"}],"predecessor-version":[{"id":51472,"href":"https:\/\/www.interaccionnoticias.com.mx\/index.php?rest_route=\/wp\/v2\/posts\/51471\/revisions\/51472"}],"wp:featuredmedia":[{"embeddable":true,"href":"https:\/\/www.interaccionnoticias.com.mx\/index.php?rest_route=\/wp\/v2\/media\/48537"}],"wp:attachment":[{"href":"https:\/\/www.interaccionnoticias.com.mx\/index.php?rest_route=%2Fwp%2Fv2%2Fmedia&parent=51471"}],"wp:term":[{"taxonomy":"category","embeddable":true,"href":"https:\/\/www.interaccionnoticias.com.mx\/index.php?rest_route=%2Fwp%2Fv2%2Fcategories&post=51471"},{"taxonomy":"post_tag","embeddable":true,"href":"https:\/\/www.interaccionnoticias.com.mx\/index.php?rest_route=%2Fwp%2Fv2%2Ftags&post=51471"}],"curies":[{"name":"wp","href":"https:\/\/api.w.org\/{rel}","templated":true}]}}